{"id":9174,"date":"2020-02-25T19:12:43","date_gmt":"2020-02-26T01:12:43","guid":{"rendered":"http:\/\/www.zonaroja.com.mx\/?p=9174"},"modified":"2020-02-25T19:12:46","modified_gmt":"2020-02-26T01:12:46","slug":"a-mas-de-20-meses-justicia-para-sol-no-llega-es-una-tortura-emocional-jarquin-edgar","status":"publish","type":"post","link":"https:\/\/zonaroja.com.mx\/?p=9174","title":{"rendered":"A m\u00e1s de 20 meses, justicia para Sol no llega; \u201cEs una tortura emocional\u201d: Jarqu\u00edn Edgar"},"content":{"rendered":"\n<p>Yuridiana\nSosa\/Zona Roja.<\/p>\n\n\n\n<p>Oaxaca de\nJu\u00e1rez, Oax., 25 de febrero de 2020.-&nbsp; A\nm\u00e1s de 630 d\u00edas del asesinato de la fotoperiodista Mar\u00eda del Sol Cruz Jarqu\u00edn,\nlos traspi\u00e9s de la Fiscal\u00eda General de Oaxaca dilatan la justicia, pues por\nsegunda ocasi\u00f3n en menos en tres semanas, pospuso la audiencia intermedia por\n\u201cfallas t\u00e9cnicas\u201d.<\/p>\n\n\n\n<p>La\nperiodista Soledad Jarqu\u00edn Edgar, madre de Sol, denunci\u00f3 una permanente\nrevictimizaci\u00f3n para ella y su familia por parte de la Fiscal\u00eda, quien ofreci\u00f3\nuna tercera fecha para llevar a cabo la audiencia en la que esa instancia presentar\u00e1\npruebas contra el inculpado Jeh\u00fa E.H.C.<\/p>\n\n\n\n<p>Esta\naudiencia es importante debido a que a trav\u00e9s de \u00e9sta se da la formal acusaci\u00f3n\npara entrar al juicio, explic\u00f3 Soledad Jarqu\u00edn, quien detall\u00f3 que la primera\naudiencia se program\u00f3 para el 5 de febrero, pero no se efect\u00fao, mientras que la\nsegunda fecha fue suspendida este martes.<\/p>\n\n\n\n<p>\u201cEs una\ntortura emocional\u201d, apunta la periodista respecto a la dilaci\u00f3n de justicia,\npues adem\u00e1s, el proceso se ha plagado de irregularidades contra las que ha\ntenido que lidiar y tratar de remediar.<\/p>\n\n\n\n<p>El motivo de\nla reciente audiencia suspendida fue \u201cfallas t\u00e9cnicas\u201d de acuerdo con las\nautoridades de justicia, expresa la madre de la v\u00edctima, aunque para la familia\nse trata de torpeza e irresponsabilidad institucional para llevar a cabo el\ndebido proceso en busca de justicia.<\/p>\n\n\n\n<p>\u201cDe nueva\ncuenta entre \u2018fallas t\u00e9cnicas\u2019 y argucias legaloides imputables a la\n#FiscaliaOax se difiri\u00f3 por segunda ocasi\u00f3n la audiencia intermedia. Hoy\nestamos a 7 d\u00edas de que se cumpla 1 a\u00f1o 9 meses del triple asesinato. Cuando\nvolvamos a la audiencia intermedia estaremos a dos d\u00edas del a\u00f1o 10 meses\u201d,\nescribi\u00f3 en su cuenta de Facebook la periodista y activista social por la\ndefensa de los derechos de las mujeres.<\/p>\n\n\n\n<p>La pr\u00f3xima\naudiencia se program\u00f3 para el 30 de marzo, a casi dos a\u00f1os del triple asesinato\nregistrado en Juchit\u00e1n de Zaragoza el 2 de junio de 2018, hecho en el que\ntambi\u00e9n perdi\u00f3 la vida la candidata a regidora Pamela Ter\u00e1n y su chofer.<\/p>\n","protected":false},"excerpt":{"rendered":"<p>Yuridiana Sosa\/Zona Roja. Oaxaca de Ju\u00e1rez, Oax., 25 de febrero de 2020.-&nbsp; A m\u00e1s de&hellip;<\/p>\n","protected":false},"author":2,"featured_media":9175,"comment_status":"closed","ping_status":"open","sticky":false,"template":"","format":"standard","meta":{"_lmt_disableupdate":"","_lmt_disable":"","_jetpack_memberships_contains_paid_content":false,"footnotes":""},"categories":[109,47],"tags":[57],"class_list":["post-9174","post","type-post","status-publish","format-standard","has-post-thumbnail","hentry","category-minuto-a-minuto","category-zona-gris","tag-maria-del-sol-cruz"],"jetpack_featured_media_url":"https:\/\/zonaroja.com.mx\/wp-content\/uploads\/2020\/02\/Mar\u00eda-del-Sol-y-Soledad-Jarqu\u00edn.png","jetpack_sharing_enabled":true,"_links":{"self":[{"href":"https:\/\/zonaroja.com.mx\/index.php?rest_route=\/wp\/v2\/posts\/9174","targetHints":{"allow":["GET"]}}],"collection":[{"href":"https:\/\/zonaroja.com.mx\/index.php?rest_route=\/wp\/v2\/posts"}],"about":[{"href":"https:\/\/zonaroja.com.mx\/index.php?rest_route=\/wp\/v2\/types\/post"}],"author":[{"embeddable":true,"href":"https:\/\/zonaroja.com.mx\/index.php?rest_route=\/wp\/v2\/users\/2"}],"replies":[{"embeddable":true,"href":"https:\/\/zonaroja.com.mx\/index.php?rest_route=%2Fwp%2Fv2%2Fcomments&post=9174"}],"version-history":[{"count":1,"href":"https:\/\/zonaroja.com.mx\/index.php?rest_route=\/wp\/v2\/posts\/9174\/revisions"}],"predecessor-version":[{"id":9176,"href":"https:\/\/zonaroja.com.mx\/index.php?rest_route=\/wp\/v2\/posts\/9174\/revisions\/9176"}],"wp:featuredmedia":[{"embeddable":true,"href":"https:\/\/zonaroja.com.mx\/index.php?rest_route=\/wp\/v2\/media\/9175"}],"wp:attachment":[{"href":"https:\/\/zonaroja.com.mx\/index.php?rest_route=%2Fwp%2Fv2%2Fmedia&parent=9174"}],"wp:term":[{"taxonomy":"category","embeddable":true,"href":"https:\/\/zonaroja.com.mx\/index.php?rest_route=%2Fwp%2Fv2%2Fcategories&post=9174"},{"taxonomy":"post_tag","embeddable":true,"href":"https:\/\/zonaroja.com.mx\/index.php?rest_route=%2Fwp%2Fv2%2Ftags&post=9174"}],"curies":[{"name":"wp","href":"https:\/\/api.w.org\/{rel}","templated":true}]}}