{"id":9190,"date":"2020-02-25T22:06:38","date_gmt":"2020-02-26T04:06:38","guid":{"rendered":"http:\/\/www.zonaroja.com.mx\/?p=9190"},"modified":"2020-02-25T22:06:41","modified_gmt":"2020-02-26T04:06:41","slug":"familiares-de-personas-discapacidad-exigen-apoyo-para-implantes-auditivos","status":"publish","type":"post","link":"https:\/\/zonaroja.com.mx\/?p=9190","title":{"rendered":"Familiares de personas discapacidad exigen apoyo para implantes auditivos"},"content":{"rendered":"\n<p>Evlin\nArag\u00f3n\/Zona Roja.<\/p>\n\n\n\n<p>Oaxaca de\nJu\u00e1rez, Oax., 25 de febrero de 2020.- Integrantes de la Asociaci\u00f3n Civil\n\u201cInclusi\u00f3n Auditiva Oaxaca\u201d bloquearon por unas cinco horas este martes la v\u00eda\nfederal 175, a la altura del crucero al aeropuerto internacional de Oaxaca.<\/p>\n\n\n\n<p>Lo anterior con\nla finalidad de denunciar el alto costo que tienen los implantes auditivos y\npedir el apoyo de las autoridades estatales para adquirirlos, al tratarse de\nuna necesidad b\u00e1sica de sus hijas e hijos con discapacidad.<\/p>\n\n\n\n<p>Pese a los\ninclementes rayos del sol, la protesta se llev\u00f3 a cabo con la utilizaci\u00f3n de\nunidades del transporte p\u00fablico, ocasionando un intenso caos vehicular; ello en\nel marco del D\u00eda Internacional del Implante Coclear (dispositivo que ayuda a\npersonas con problemas de sordera) y con la intenci\u00f3n de obtener una mesa de\ndi\u00e1logo con las autoridades de gobierno para expresar la necesidad de apoyo.<\/p>\n\n\n\n<p>Alicia\nMart\u00ednez Quiroz, presidenta de la asociaci\u00f3n, asegur\u00f3 que en diversos centros m\u00e9dicos\nde Oaxaca, como en el hospital general \u201cDr. Aurelio Valdivieso\u201d, existen al\nmenos 30 ni\u00f1os y ni\u00f1as con discapacidad auditiva, mismos que requieren de estos\nimplantes para tener una mejor calidad de vida.<\/p>\n\n\n\n<p>As\u00ed mismo,\nrecord\u00f3 que el implante tiene costos elevados, lo que complica a personas de\nbajos recursos su adquisici\u00f3n, raz\u00f3n por la que exigieron el apoyo del\ngobierno, particularmente hacia ni\u00f1as y ni\u00f1os que padecen esta deficiencia.<\/p>\n\n\n\n<p>Nayed Tierra\nL\u00f3pez, madre de familia de una menor con esta discapacidad, inform\u00f3 que la\ngarant\u00eda anual por el implante es de m\u00e1s de 20 mil pesos, dentro de la cual no\nincluyen todos los accesorios los cuales incrementan el costo del mismo, por eso\nbuscan que el gobierno les escuche y pueda apoyar a las familias.<\/p>\n\n\n\n<p>\u201cLa protesta\nes para exigir mejores condiciones de salud de la poblaci\u00f3n con discapacidad,\nya la hemos realizado de forma pac\u00edfica mediante oficios a las \u00e1reas\ncorrespondientes, sin embargo, no hemos obtenido respuesta\u201d, dijo.<\/p>\n\n\n\n<p>As\u00ed mismo,\nhizo un llamado a madres y padres de familia para que se unan al movimiento\ntoda vez que piensan que la poca cantidad de personas no amerita la atenci\u00f3n\nsin darse cuenta que se trata de una discapacidad muy costosa que es dif\u00edcil\natender para las familias oaxaque\u00f1as.<\/p>\n\n\n\n<p>Por su parte\nJuan Jos\u00e9 Solorzano Montes, padre de otro menor, exigi\u00f3 a las autoridades en\nmateria de salud que ofrezcan el servicio m\u00e9dico especializado a las personas\ncon discapacidad auditiva ya que la mayor\u00eda de ni\u00f1as y ni\u00f1os implantados\nobtuvieron la atenci\u00f3n y aparato fuera de Oaxaca, lugares en los que contin\u00faan\nllevando terapia, incrementando los gastos de las familias<\/p>\n\n\n\n<p>\u201cNo les\npedimos dinero queremos que nos apoyen con los accesorios, terapias, mapeos y\naparatos,&nbsp; eso es lo queremos un apoyo\ndel gobierno para nuestros ni\u00f1os\u201d sentenci\u00f3. Despu\u00e9s de las 14:00 horas fue\nretirado el bloqueo, una vez que autoridades estatales prometieron atender la\nqueja.<\/p>\n","protected":false},"excerpt":{"rendered":"<p>Evlin Arag\u00f3n\/Zona Roja. Oaxaca de Ju\u00e1rez, Oax., 25 de febrero de 2020.- Integrantes de la&hellip;<\/p>\n","protected":false},"author":2,"featured_media":9191,"comment_status":"closed","ping_status":"open","sticky":false,"template":"","format":"standard","meta":{"_lmt_disableupdate":"","_lmt_disable":"","_jetpack_memberships_contains_paid_content":false,"footnotes":""},"categories":[109,47],"tags":[1427],"class_list":["post-9190","post","type-post","status-publish","format-standard","has-post-thumbnail","hentry","category-minuto-a-minuto","category-zona-gris","tag-asociacion-civil-inclusion-auditiva-oaxaca"],"jetpack_featured_media_url":"https:\/\/zonaroja.com.mx\/wp-content\/uploads\/2020\/02\/Protesta-auditivos.jpg","jetpack_sharing_enabled":true,"_links":{"self":[{"href":"https:\/\/zonaroja.com.mx\/index.php?rest_route=\/wp\/v2\/posts\/9190","targetHints":{"allow":["GET"]}}],"collection":[{"href":"https:\/\/zonaroja.com.mx\/index.php?rest_route=\/wp\/v2\/posts"}],"about":[{"href":"https:\/\/zonaroja.com.mx\/index.php?rest_route=\/wp\/v2\/types\/post"}],"author":[{"embeddable":true,"href":"https:\/\/zonaroja.com.mx\/index.php?rest_route=\/wp\/v2\/users\/2"}],"replies":[{"embeddable":true,"href":"https:\/\/zonaroja.com.mx\/index.php?rest_route=%2Fwp%2Fv2%2Fcomments&post=9190"}],"version-history":[{"count":1,"href":"https:\/\/zonaroja.com.mx\/index.php?rest_route=\/wp\/v2\/posts\/9190\/revisions"}],"predecessor-version":[{"id":9192,"href":"https:\/\/zonaroja.com.mx\/index.php?rest_route=\/wp\/v2\/posts\/9190\/revisions\/9192"}],"wp:featuredmedia":[{"embeddable":true,"href":"https:\/\/zonaroja.com.mx\/index.php?rest_route=\/wp\/v2\/media\/9191"}],"wp:attachment":[{"href":"https:\/\/zonaroja.com.mx\/index.php?rest_route=%2Fwp%2Fv2%2Fmedia&parent=9190"}],"wp:term":[{"taxonomy":"category","embeddable":true,"href":"https:\/\/zonaroja.com.mx\/index.php?rest_route=%2Fwp%2Fv2%2Fcategories&post=9190"},{"taxonomy":"post_tag","embeddable":true,"href":"https:\/\/zonaroja.com.mx\/index.php?rest_route=%2Fwp%2Fv2%2Ftags&post=9190"}],"curies":[{"name":"wp","href":"https:\/\/api.w.org\/{rel}","templated":true}]}}