{"id":9193,"date":"2020-02-25T22:18:40","date_gmt":"2020-02-26T04:18:40","guid":{"rendered":"http:\/\/www.zonaroja.com.mx\/?p=9193"},"modified":"2020-02-25T22:19:00","modified_gmt":"2020-02-26T04:19:00","slug":"autoridades-mixes-de-tlahuitoltepec-exigen-renuncia-de-fiscal-ruben-vasconcelos","status":"publish","type":"post","link":"https:\/\/zonaroja.com.mx\/?p=9193","title":{"rendered":"Autoridades mixes de Tlahuitoltepec exigen renuncia de fiscal Rub\u00e9n Vasconcelos"},"content":{"rendered":"\n<p>Yuridiana\nSosa\/Zona Roja.<\/p>\n\n\n\n<p>Oaxaca de\nJu\u00e1rez, Oax., 25 de febrero de 2020.- Autoridades municipales, comunitarias y\ndel Consejo de Ancianos de Santa Mar\u00eda Tlahuitoltepec, de la zona Mixe de\nOaxaca, exigieron la destituci\u00f3n del fiscal general de Oaxaca, Rub\u00e9n\nVasconcelos M\u00e9ndez, por hostigamiento a sus habitantes con la \u201cfabricaci\u00f3n de\ndelitos\u201d.<\/p>\n\n\n\n<p>Los\nrepresentantes de la poblaci\u00f3n denunciaron la privaci\u00f3n ilegal de la libertad\nde una pareja de comuneros, quienes adem\u00e1s fueron torturados, intimidados y\namenazados por personal de la Fiscal\u00eda General del Estado para incriminar a la\ncomunidad en actos delictivos que no se han cometido en ese municipio mixe.<\/p>\n\n\n\n<p>Por los\nhechos, las autoridades demandaron la intervenci\u00f3n de la Comisi\u00f3n Nacional de\nDerechos Humanos (CNDH), del Instituto Nacional de los Pueblos Ind\u00edgenas (INPI)\ny de las autoridades correspondientes del gobierno federal para frenar ese tipo\nde actos.<\/p>\n\n\n\n<p>As\u00ed tambi\u00e9n,\nsolicitaron el apoyo de comunidades oaxaque\u00f1as y organizaciones civiles para\nayudar en la defensa de sus derechos como pueblo originario afectado.<\/p>\n\n\n\n<p>A la\nexigencia se unieron las autoridades agrarias y la asamblea general, quieres\nreiteraron que ser\u00e1n determinantes en la defensa de sus habitantes y su\ncomunidad.<\/p>\n\n\n\n<p>El pueblo\nmixe de Tlahuitoltepec se ha caracterizado en el transcurso de su historia por\nla defensa de sus derechos, de su tierra y el fortalecimiento de la cultura\nmixe a trav\u00e9s de la m\u00fasica, su lengua y educaci\u00f3n.<\/p>\n\n\n\n<p>Presuntamente\nlos detenidos (Graciano D. y Mar\u00eda B.) son acusados de la desaparici\u00f3n de un\npolic\u00eda municipal y un ex polic\u00eda, de la capital del estado, el pasado 7 de\nnoviembre.<\/p>\n","protected":false},"excerpt":{"rendered":"<p>Yuridiana Sosa\/Zona Roja. Oaxaca de Ju\u00e1rez, Oax., 25 de febrero de 2020.- Autoridades municipales, comunitarias&hellip;<\/p>\n","protected":false},"author":2,"featured_media":9194,"comment_status":"closed","ping_status":"open","sticky":false,"template":"","format":"standard","meta":{"_lmt_disableupdate":"","_lmt_disable":"","_jetpack_memberships_contains_paid_content":false,"footnotes":""},"categories":[109,47],"tags":[1428],"class_list":["post-9193","post","type-post","status-publish","format-standard","has-post-thumbnail","hentry","category-minuto-a-minuto","category-zona-gris","tag-detenidos-santa-maria-tlahuitoltepec"],"jetpack_featured_media_url":"https:\/\/zonaroja.com.mx\/wp-content\/uploads\/2020\/02\/Pronunciamiento-Tlahuitoltepec.jpg","jetpack_sharing_enabled":true,"_links":{"self":[{"href":"https:\/\/zonaroja.com.mx\/index.php?rest_route=\/wp\/v2\/posts\/9193","targetHints":{"allow":["GET"]}}],"collection":[{"href":"https:\/\/zonaroja.com.mx\/index.php?rest_route=\/wp\/v2\/posts"}],"about":[{"href":"https:\/\/zonaroja.com.mx\/index.php?rest_route=\/wp\/v2\/types\/post"}],"author":[{"embeddable":true,"href":"https:\/\/zonaroja.com.mx\/index.php?rest_route=\/wp\/v2\/users\/2"}],"replies":[{"embeddable":true,"href":"https:\/\/zonaroja.com.mx\/index.php?rest_route=%2Fwp%2Fv2%2Fcomments&post=9193"}],"version-history":[{"count":1,"href":"https:\/\/zonaroja.com.mx\/index.php?rest_route=\/wp\/v2\/posts\/9193\/revisions"}],"predecessor-version":[{"id":9195,"href":"https:\/\/zonaroja.com.mx\/index.php?rest_route=\/wp\/v2\/posts\/9193\/revisions\/9195"}],"wp:featuredmedia":[{"embeddable":true,"href":"https:\/\/zonaroja.com.mx\/index.php?rest_route=\/wp\/v2\/media\/9194"}],"wp:attachment":[{"href":"https:\/\/zonaroja.com.mx\/index.php?rest_route=%2Fwp%2Fv2%2Fmedia&parent=9193"}],"wp:term":[{"taxonomy":"category","embeddable":true,"href":"https:\/\/zonaroja.com.mx\/index.php?rest_route=%2Fwp%2Fv2%2Fcategories&post=9193"},{"taxonomy":"post_tag","embeddable":true,"href":"https:\/\/zonaroja.com.mx\/index.php?rest_route=%2Fwp%2Fv2%2Ftags&post=9193"}],"curies":[{"name":"wp","href":"https:\/\/api.w.org\/{rel}","templated":true}]}}