{"id":9197,"date":"2020-02-25T22:26:56","date_gmt":"2020-02-26T04:26:56","guid":{"rendered":"http:\/\/www.zonaroja.com.mx\/?p=9197"},"modified":"2020-02-25T22:27:01","modified_gmt":"2020-02-26T04:27:01","slug":"acusan-graves-omisiones-de-la-fiscalia-en-la-busqueda-de-vera-carrizal","status":"publish","type":"post","link":"https:\/\/zonaroja.com.mx\/?p=9197","title":{"rendered":"Acusan graves omisiones de la Fiscal\u00eda en la b\u00fasqueda de Vera Carrizal"},"content":{"rendered":"\n<p>Redacci\u00f3n\/Zona\nRoja Cdmx.<\/p>\n\n\n\n<p>Ciudad de\nM\u00e9xico, 25 de febrero de 2020.- La primera carpeta de investigaci\u00f3n por el\nataque sufrido por la saxofonista oaxaque\u00f1a Mar\u00eda Elena R\u00edos se\u00f1al\u00f3 al\nempresario Juan Antonio Vera Carrizal como presunto responsable \u00fanicamente por\nlesiones que tardan menos de 30 d\u00edas en sanar. <\/p>\n\n\n\n<p>El 23 de\noctubre una segunda valoraci\u00f3n m\u00e9dica determin\u00f3 que las quemaduras de tercer\ngrado con \u00e1cido sulf\u00farico cubr\u00edan 40 por ciento del cuerpo de la v\u00edctima y s\u00ed pon\u00edan\nen riesgo su vida, public\u00f3 hoy el diario \u201cLa Jornada\u201d.<\/p>\n\n\n\n<p>Pero no fue\nsino hasta el 23 de diciembre, 17 semanas despu\u00e9s, cuando las autoridades\noaxaque\u00f1as reclasificaron el delito como feminicidio en grado de tentativa. Al\nmodificar el tipo penal se pudieron emitir las \u00f3rdenes de aprehensi\u00f3n, detall\u00f3.<\/p>\n\n\n\n<p>Aquella\nprimera clasificaci\u00f3n por lesiones calificadas fue s\u00f3lo un reflejo de la\nindolencia con la que se ha tratado este caso, asegura la abogada Ana Katiria\nSu\u00e1rez, defensora de la joven quien, despu\u00e9s de convalecer cinco meses en dos\nhospitales, ahora se encuentra en situaci\u00f3n de refugio en otra entidad.<\/p>\n\n\n\n<p>La publicaci\u00f3n\nde \u201cLa Jornada\u201d agrega que la penalista comenta en entrevista que hay serias\nomisiones en el proceso de investigaci\u00f3n y sobretodo en la b\u00fasqueda del\npresunto atacante, pr\u00f3fugo desde que se emiti\u00f3 la orden de aprehensi\u00f3n. El\nataque ocurri\u00f3 el 9 de septiembre de 2019.<\/p>\n\n\n\n<p>\u201cLa fiscal\u00eda\nde Oaxaca nos comunic\u00f3 que ellos ya agotaron todas las diligencias posibles,\nincluso a escala federal. Y no, no se han agotado. Mi impresi\u00f3n es han hecho lo\nm\u00ednimo, generando una serie de diligencias para engrosar el expediente, pero\nninguna conduce, en lo concreto, a la localizaci\u00f3n del presunto agresor\u201d,\ncomenta Su\u00e1rez. <\/p>\n\n\n\n<p>La semana\npasada el fiscal estatal Rub\u00e9n Vasconcelos anunci\u00f3 que se ofrece como\nrecompensa un mill\u00f3n de pesos a quien aporte informaci\u00f3n que permita la captura\nde Vera Carrizal y hace semanas la Interpol emiti\u00f3 una alerta roja, a\u00f1ade \u201cLa\nJornada\u201d.<\/p>\n\n\n\n<p>A la fecha\nhan sido detenidos dos involucrados: Ruviciel N, se\u00f1alado como la persona que\narroj\u00f3 el l\u00edquido corrosivo contra la joven y Ponciano N, su padre, quien vigil\u00f3\nla puerta de la casa de Mar\u00eda Elena mientras se perpetraba la agresi\u00f3n. Ambos\neran alba\u00f1iles.<\/p>\n\n\n\n<p>Faltan por\ncumplir tres \u00f3rdenes de aprehensi\u00f3n contra los otros se\u00f1alados: el presunto\nautor intelectual, Juan Vera Carrizal, su hijo Antonio Vera Hern\u00e1ndez y un\nempleado del empresario, Rub\u00e9n Loaeza Ch\u00e1rrez.<\/p>\n\n\n\n<p>\u201cCuando\ndetienen a Ruviciel y a su padre, ambos declaran con todo detalle c\u00f3mo, d\u00f3nde y\ncu\u00e1ndo fueron contactados por Loaeza y Vera Hern\u00e1ndez, cu\u00e1nto les pagaron (20\nmil al hijo y 10 mil al padre). En un cateo que se hizo a su casa se\nencontraron sus tel\u00e9fonos con todos los mensajes guardados, entre ellos las\nfotos de Mar\u00eda Elena y las \u00f3rdenes de c\u00f3mo ejecutar el atentado\u201d. Todo ello con\npalabras muy duras hacia la v\u00edctima.<\/p>\n\n\n\n<p>Entre las\nomisiones, Ana Katiria Su\u00e1rez cita la falta de acciones de geolocalizaci\u00f3n de\nlas llamadas entre el pr\u00f3fugo y los empleados de las dos radioemisoras de\nHuajuapan de Le\u00f3n de las que es propietario, y que en dos ocasiones han\ntransmitido y divulgado mensajes del principal sospechoso.<\/p>\n\n\n\n<p>Existen\nmuchas herramientas de investigaci\u00f3n cibern\u00e9tica para localizar desde d\u00f3nde se\nemiten esos mensajes y no se han aprovechado.<\/p>\n\n\n\n<p>Por otra\nparte, la fiscal\u00eda estatal orden\u00f3 tres cateos en domicilios de la esposa y las\nhijas del empresario pr\u00f3fugo. Pero la casa donde \u00e9l viv\u00eda no fue investigada\nsino hasta dos meses despu\u00e9s.<\/p>\n\n\n\n<figure class=\"wp-block-embed\"><div class=\"wp-block-embed__wrapper\">\nhttps:\/\/www.jornada.com.mx\/2020\/02\/25\/politica\/007n1pol\n<\/div><\/figure>\n","protected":false},"excerpt":{"rendered":"<p>Redacci\u00f3n\/Zona Roja Cdmx. Ciudad de M\u00e9xico, 25 de febrero de 2020.- La primera carpeta de&hellip;<\/p>\n","protected":false},"author":2,"featured_media":8315,"comment_status":"closed","ping_status":"open","sticky":false,"template":"","format":"standard","meta":{"_lmt_disableupdate":"","_lmt_disable":"","_jetpack_memberships_contains_paid_content":false,"footnotes":""},"categories":[109,47],"tags":[1124],"class_list":["post-9197","post","type-post","status-publish","format-standard","has-post-thumbnail","hentry","category-minuto-a-minuto","category-zona-gris","tag-maria-elena-rios-ortiz"],"jetpack_featured_media_url":"https:\/\/zonaroja.com.mx\/wp-content\/uploads\/2020\/02\/Abogada-caso-Mar\u00eda-Elena.jpg","jetpack_sharing_enabled":true,"_links":{"self":[{"href":"https:\/\/zonaroja.com.mx\/index.php?rest_route=\/wp\/v2\/posts\/9197","targetHints":{"allow":["GET"]}}],"collection":[{"href":"https:\/\/zonaroja.com.mx\/index.php?rest_route=\/wp\/v2\/posts"}],"about":[{"href":"https:\/\/zonaroja.com.mx\/index.php?rest_route=\/wp\/v2\/types\/post"}],"author":[{"embeddable":true,"href":"https:\/\/zonaroja.com.mx\/index.php?rest_route=\/wp\/v2\/users\/2"}],"replies":[{"embeddable":true,"href":"https:\/\/zonaroja.com.mx\/index.php?rest_route=%2Fwp%2Fv2%2Fcomments&post=9197"}],"version-history":[{"count":1,"href":"https:\/\/zonaroja.com.mx\/index.php?rest_route=\/wp\/v2\/posts\/9197\/revisions"}],"predecessor-version":[{"id":9198,"href":"https:\/\/zonaroja.com.mx\/index.php?rest_route=\/wp\/v2\/posts\/9197\/revisions\/9198"}],"wp:featuredmedia":[{"embeddable":true,"href":"https:\/\/zonaroja.com.mx\/index.php?rest_route=\/wp\/v2\/media\/8315"}],"wp:attachment":[{"href":"https:\/\/zonaroja.com.mx\/index.php?rest_route=%2Fwp%2Fv2%2Fmedia&parent=9197"}],"wp:term":[{"taxonomy":"category","embeddable":true,"href":"https:\/\/zonaroja.com.mx\/index.php?rest_route=%2Fwp%2Fv2%2Fcategories&post=9197"},{"taxonomy":"post_tag","embeddable":true,"href":"https:\/\/zonaroja.com.mx\/index.php?rest_route=%2Fwp%2Fv2%2Ftags&post=9197"}],"curies":[{"name":"wp","href":"https:\/\/api.w.org\/{rel}","templated":true}]}}