{"id":9200,"date":"2020-02-26T07:07:16","date_gmt":"2020-02-26T13:07:16","guid":{"rendered":"http:\/\/www.zonaroja.com.mx\/?p=9200"},"modified":"2020-02-26T07:07:19","modified_gmt":"2020-02-26T13:07:19","slug":"inedito-dan-210-anos-de-prision-a-multihomicida-de-oaxaca","status":"publish","type":"post","link":"https:\/\/zonaroja.com.mx\/?p=9200","title":{"rendered":"In\u00e9dito: dan 210 a\u00f1os de prisi\u00f3n a multihomicida de Oaxaca"},"content":{"rendered":"\n<p>Redacci\u00f3n\/Zona Roja.<\/p>\n\n\n\n<p>Oaxaca de Ju\u00e1rez, Oax., 26 de febrero\nde 2020.- Un juez del Tribunal de Enjuiciamiento del Poder Judicial de Oaxaca conden\u00f3\na un multihomicida a 210 a\u00f1os de prisi\u00f3n, por hechos ocurridos en 2006, en que\nasesin\u00f3 a cinco personas en una comunidad de la regi\u00f3n Sierra Sur.<\/p>\n\n\n\n<p>De acuerdo con la Fiscal\u00eda General del\nEstado de Oaxaca (FGEO), se logr\u00f3 comprobar la responsabilidad de E. C. M., en\nlos homicidios de las v\u00edctimas identificadas como A. J. A., P. D. P. M., M. C.\nV., M. J. L. P. y C. C. V., cometido en jurisdicci\u00f3n de San Pedro Tepalcatepec,\nmunicipio de San Carlos Yautepec.<\/p>\n\n\n\n<p>De acuerdo con la causa penal 146\/2016,\nel 4 de abril de 2016 aproximadamente entre las 08:00 y 08:30 horas, un grupo\nde personas -en el cual se encontraban las v\u00edctimas-, salieron de la poblaci\u00f3n\nde San Pedro Tepalcatepec a bordo de dos veh\u00edculos de motor con rumbo al paraje\n\u201cEl Colino\u201d, para cortar le\u00f1a.<\/p>\n\n\n\n<p>Fue cuando arribaron dos camionetas que\ntrasladaban a pobladores de San Pablo Topiltepec, entre ellos a E.C.M. y otras\npersonas, trayendo consigo escopetas y armas largas, disparando contra las\nv\u00edctimas, quienes perdieron la vida.<\/p>\n\n\n\n<p>Seg\u00fan un comunicado de prensa, ante\nestos hechos, a trav\u00e9s de la Vicefiscal\u00eda Regional del Istmo inici\u00f3 la\ninvestigaci\u00f3n correspondiente, identific\u00f3 al imputado, obtuvo y ejecut\u00f3 la\norden de aprehensi\u00f3n girada en su contra y lo present\u00f3 ante la autoridad\njudicial que lo requiri\u00f3.<\/p>\n\n\n\n<p>En audiencia celebrada el 20 de febrero\nde 2020 y como resultado de este nuevo debate ordenado por la Sala Penal del\nTSJE, el Tribunal de Enjuiciamiento dict\u00f3 fallo condenatorio contra el imputado.<\/p>\n\n\n\n<p>De esta manera, le impuso la pena de\nprisi\u00f3n de 210 a\u00f1os, as\u00ed como a pagar la cantidad superior de 865 mil pesos por\nreparaci\u00f3n del da\u00f1o y la cantidad de 24 mil pesos en favor de la v\u00edctima J.C.H.\npor los gastos m\u00e9dicos que realiz\u00f3, derivado de las lesiones que le fueron\ninferidas.<\/p>\n","protected":false},"excerpt":{"rendered":"<p>Redacci\u00f3n\/Zona Roja. Oaxaca de Ju\u00e1rez, Oax., 26 de febrero de 2020.- Un juez del Tribunal&hellip;<\/p>\n","protected":false},"author":2,"featured_media":7280,"comment_status":"closed","ping_status":"open","sticky":false,"template":"","format":"standard","meta":{"_lmt_disableupdate":"","_lmt_disable":"","_jetpack_memberships_contains_paid_content":false,"footnotes":""},"categories":[109,47],"tags":[494],"class_list":["post-9200","post","type-post","status-publish","format-standard","has-post-thumbnail","hentry","category-minuto-a-minuto","category-zona-gris","tag-fiscalia-general-del-estado-de-oaxaca"],"jetpack_featured_media_url":"https:\/\/zonaroja.com.mx\/wp-content\/uploads\/2020\/01\/prisi\u00f3n.jpg","jetpack_sharing_enabled":true,"_links":{"self":[{"href":"https:\/\/zonaroja.com.mx\/index.php?rest_route=\/wp\/v2\/posts\/9200","targetHints":{"allow":["GET"]}}],"collection":[{"href":"https:\/\/zonaroja.com.mx\/index.php?rest_route=\/wp\/v2\/posts"}],"about":[{"href":"https:\/\/zonaroja.com.mx\/index.php?rest_route=\/wp\/v2\/types\/post"}],"author":[{"embeddable":true,"href":"https:\/\/zonaroja.com.mx\/index.php?rest_route=\/wp\/v2\/users\/2"}],"replies":[{"embeddable":true,"href":"https:\/\/zonaroja.com.mx\/index.php?rest_route=%2Fwp%2Fv2%2Fcomments&post=9200"}],"version-history":[{"count":1,"href":"https:\/\/zonaroja.com.mx\/index.php?rest_route=\/wp\/v2\/posts\/9200\/revisions"}],"predecessor-version":[{"id":9201,"href":"https:\/\/zonaroja.com.mx\/index.php?rest_route=\/wp\/v2\/posts\/9200\/revisions\/9201"}],"wp:featuredmedia":[{"embeddable":true,"href":"https:\/\/zonaroja.com.mx\/index.php?rest_route=\/wp\/v2\/media\/7280"}],"wp:attachment":[{"href":"https:\/\/zonaroja.com.mx\/index.php?rest_route=%2Fwp%2Fv2%2Fmedia&parent=9200"}],"wp:term":[{"taxonomy":"category","embeddable":true,"href":"https:\/\/zonaroja.com.mx\/index.php?rest_route=%2Fwp%2Fv2%2Fcategories&post=9200"},{"taxonomy":"post_tag","embeddable":true,"href":"https:\/\/zonaroja.com.mx\/index.php?rest_route=%2Fwp%2Fv2%2Ftags&post=9200"}],"curies":[{"name":"wp","href":"https:\/\/api.w.org\/{rel}","templated":true}]}}