{"id":9202,"date":"2020-02-26T07:28:11","date_gmt":"2020-02-26T13:28:11","guid":{"rendered":"http:\/\/www.zonaroja.com.mx\/?p=9202"},"modified":"2020-02-26T07:28:14","modified_gmt":"2020-02-26T13:28:14","slug":"rescata-poder-judicial-de-oaxaca-la-ancestral-practica-del-tequio","status":"publish","type":"post","link":"https:\/\/zonaroja.com.mx\/?p=9202","title":{"rendered":"Rescata Poder Judicial de Oaxaca la ancestral pr\u00e1ctica del tequio"},"content":{"rendered":"\n<p>Redacci\u00f3n\/Zona Roja.<\/p>\n\n\n\n<p>Oaxaca de Ju\u00e1rez, Oax., 26 de febrero\nde 2020.- El tequio, costumbre arraigada en Oaxaca y en M\u00e9xico desde tiempos\nprehisp\u00e1nicos que consiste en la faena o trabajo en conjunto para lograr\nbeneficios colectivos, se hizo presente en juzgados y centros de justicia de\nOaxaca.<\/p>\n\n\n\n<p>Jueces, juezas y personal\njurisdiccional iniciaron tareas de mejoramiento de instalaciones y \u00e1reas\nverdes, para dignificar los espacios laborales y el servicio que el Poder\nJudicial del Estado brinda a la ciudadan\u00eda.<\/p>\n\n\n\n<p>Como parte del compromiso y sentido de\npertenencia institucional, en d\u00edas pasados, personal del Centro de Justicia de\nSola de Vega, realiz\u00f3 una limpieza exhaustiva de los espacios interiores, as\u00ed\ncomo la plantaci\u00f3n de \u00e1rboles y plantas de ornato en los jardines del \u00f3rgano de\njusticia, acciones a las que, de manera coordinada, se sumaron integrantes del ayuntamiento\nde dicha poblaci\u00f3n.<\/p>\n\n\n\n<p>Asimismo, en el Juzgado Segundo Civil y\nSegundo Familiar de Tuxtepec, se llevaron a cabo actividades de pintura y\nrestauraci\u00f3n de paredes y techos, adem\u00e1s de la limpieza de oficinas, muebles y\njardines, bajo la coordinaci\u00f3n de las juezas, quienes motivaron al personal a\nembellecer sus \u00e1reas de trabajo.<\/p>\n\n\n\n<p>En este sentido, es evidente que las y\nlos servidores judiciales que conforman esta instituci\u00f3n han tomado como propia\nla iniciativa planteada por el titular del Tribunal Superior de Justicia y del\nConsejo de la Judicatura, Eduardo Pinacho S\u00e1nchez.<\/p>\n\n\n\n<p>Desde el inicio de su administraci\u00f3n,\nel magistrado presidente traz\u00f3 como objetivo primordial, profesionalizar la\natenci\u00f3n al p\u00fablico, generar condiciones \u00f3ptimas de trabajo y garantizar espacios\ndignos para quienes cumplen la funci\u00f3n de administrar justicia.<\/p>\n\n\n\n<p>Por su parte, el Director de\nInfraestructura, Carlos Robles Gonz\u00e1lez, inform\u00f3 que dentro de los proyectos\nm\u00e1s importantes a ejecutar en la administraci\u00f3n del magistrado Pinacho S\u00e1nchez\nal frente del Poder Judicial, se encuentra la habilitaci\u00f3n y equipamiento de\nlos Centros de Justicia en el Estado, con el objetivo de propiciar condiciones\n\u00f3ptimas para la impartici\u00f3n de justicia, tanto para los servidores p\u00fablicos\ncomo los ciudadanos.<\/p>\n\n\n\n<p>Al conocer acerca de las acciones\nrealizadas a trav\u00e9s del tequio, el magistrado presidente felicit\u00f3 a las y los\nservidores judiciales, por su compromiso con una administraci\u00f3n de justicia\neficiente, digna y de calidad; asimismo, agradeci\u00f3 la disposici\u00f3n de los\nfuncionarios municipales para solidarizarse con el Poder Judicial.<\/p>\n","protected":false},"excerpt":{"rendered":"<p>Redacci\u00f3n\/Zona Roja. Oaxaca de Ju\u00e1rez, Oax., 26 de febrero de 2020.- El tequio, costumbre arraigada&hellip;<\/p>\n","protected":false},"author":2,"featured_media":9203,"comment_status":"closed","ping_status":"open","sticky":false,"template":"","format":"standard","meta":{"_lmt_disableupdate":"","_lmt_disable":"","_jetpack_memberships_contains_paid_content":false,"footnotes":""},"categories":[109,46],"tags":[1225],"class_list":["post-9202","post","type-post","status-publish","format-standard","has-post-thumbnail","hentry","category-minuto-a-minuto","category-zona-blanca","tag-eduardo-pinacho-sanchez"],"jetpack_featured_media_url":"https:\/\/zonaroja.com.mx\/wp-content\/uploads\/2020\/02\/Tequio-juzgados-y-Centro-de-Justicia-22-1.jpeg","jetpack_sharing_enabled":true,"_links":{"self":[{"href":"https:\/\/zonaroja.com.mx\/index.php?rest_route=\/wp\/v2\/posts\/9202","targetHints":{"allow":["GET"]}}],"collection":[{"href":"https:\/\/zonaroja.com.mx\/index.php?rest_route=\/wp\/v2\/posts"}],"about":[{"href":"https:\/\/zonaroja.com.mx\/index.php?rest_route=\/wp\/v2\/types\/post"}],"author":[{"embeddable":true,"href":"https:\/\/zonaroja.com.mx\/index.php?rest_route=\/wp\/v2\/users\/2"}],"replies":[{"embeddable":true,"href":"https:\/\/zonaroja.com.mx\/index.php?rest_route=%2Fwp%2Fv2%2Fcomments&post=9202"}],"version-history":[{"count":1,"href":"https:\/\/zonaroja.com.mx\/index.php?rest_route=\/wp\/v2\/posts\/9202\/revisions"}],"predecessor-version":[{"id":9204,"href":"https:\/\/zonaroja.com.mx\/index.php?rest_route=\/wp\/v2\/posts\/9202\/revisions\/9204"}],"wp:featuredmedia":[{"embeddable":true,"href":"https:\/\/zonaroja.com.mx\/index.php?rest_route=\/wp\/v2\/media\/9203"}],"wp:attachment":[{"href":"https:\/\/zonaroja.com.mx\/index.php?rest_route=%2Fwp%2Fv2%2Fmedia&parent=9202"}],"wp:term":[{"taxonomy":"category","embeddable":true,"href":"https:\/\/zonaroja.com.mx\/index.php?rest_route=%2Fwp%2Fv2%2Fcategories&post=9202"},{"taxonomy":"post_tag","embeddable":true,"href":"https:\/\/zonaroja.com.mx\/index.php?rest_route=%2Fwp%2Fv2%2Ftags&post=9202"}],"curies":[{"name":"wp","href":"https:\/\/api.w.org\/{rel}","templated":true}]}}