{"id":9205,"date":"2020-02-26T08:23:37","date_gmt":"2020-02-26T14:23:37","guid":{"rendered":"http:\/\/www.zonaroja.com.mx\/?p=9205"},"modified":"2020-02-26T08:23:42","modified_gmt":"2020-02-26T14:23:42","slug":"amnistia-internacional-pide-reparacion-integral-del-dano-para-maria-elena","status":"publish","type":"post","link":"https:\/\/zonaroja.com.mx\/?p=9205","title":{"rendered":"Amnist\u00eda Internacional pide reparaci\u00f3n integral del da\u00f1o para Mar\u00eda Elena"},"content":{"rendered":"\n<p>Jessica Xantomila\/Peri\u00f3dico \u201cLa Jornada\u201d<\/p>\n\n\n\n<p>Ciudad de M\u00e9xico, 25 de febrero de 2020.-\nActivistas demandaron justicia y reparaci\u00f3n integral del da\u00f1o para la\nsaxofonista oaxaque\u00f1a Mar\u00eda Elena R\u00edos Ortiz, violentada gravemente hace cinco\nmeses por dos hombres que la rociaron en rostro, brazos y pecho con dos litros\nde \u00e1cido sulf\u00farico. <\/p>\n\n\n\n<p>Los sujetos habr\u00edan sido contratados\npor el ex diputado local pri\u00edsta y empresario Juan Antonio Vera Carrizal, con\nquien la joven mantuvo una relaci\u00f3n.<\/p>\n\n\n\n<p>\u201cLa violencia machista vivida por Mar\u00eda\nElena refleja, entre otras cosas, que el poder de g\u00e9nero que per se tienen los\nhombres, se multiplica cuando hay poder pol\u00edtico, econ\u00f3mico y social\u201d, refiri\u00f3\nTania Reneaum, directora ejecutiva de Amnist\u00eda Internacional M\u00e9xico.<\/p>\n\n\n\n<p>Agreg\u00f3 que el Estado se limita a dar\nuna respuesta exclusivamente punitiva (sanci\u00f3n penal, si se da) contra los\nagresores en los casos de violencia contra las mujeres, pero la reparaci\u00f3n debe\nser integral e incluir los \u00e1mbitos sociales, m\u00e9dicos, sicoemocional, entre\notros.<\/p>\n\n\n\n<p>Reneaum enfatiz\u00f3 que el testimonio\nofrecido por la saxofonista a \u201cLa Jornada\u201d \u2013el primer medio con el que habl\u00f3\ntras haber sufrido esa violencia\u2013 tambi\u00e9n es muestra de la cultura social de\nresponsabilizar a las v\u00edctimas.<\/p>\n\n\n\n<p>\u201cCuando ella afirma que existen\npersonas que la critican por no dejar al presunto agresor si la trataba mal, es\nuna muestra de la naturalizaci\u00f3n de la violencia contra las mujeres y de c\u00f3mo\nsocialmente se les hace responsables de haber sufrido las agresiones\u201d, dijo.<\/p>\n\n\n\n<p>FISCAL\u00cdA ESTATAL, OMISA<\/p>\n\n\n\n<p>Y\u00e9sica S\u00e1nchez Maya, de Consorcio\nOaxaca e integrante del Observatorio Ciudadano Nacional del Feminicidio,\ndenunci\u00f3 que la Fiscal\u00eda de Justicia estatal no ha tenido acciones contundentes\npara combatir la violencia feminicida.<\/p>\n\n\n\n<p>En este caso, agreg\u00f3, se hizo un manejo\ndoloso que ha permitido la impunidad para Vera Carrizal, al grado que aun\ncuando desde hace cinco meses hab\u00eda todos los elementos para detenerlo, no fue\nas\u00ed; por el contrario, el trabajo realizado por la Fiscal\u00eda lo alert\u00f3 para\ndarse a la fuga.<\/p>\n\n\n\n<p>Refiri\u00f3 que el comportamiento del\nfiscal de Oaxaca, Rub\u00e9n Vasconcelos, no es aislado. Hay \u00f3rdenes de aprehensi\u00f3n\nque no se ejecutan contra feminicidas, por lo que llam\u00f3 al Congreso local a\nanalizar la continuidad del funcionario.<\/p>\n\n\n\n<p>Las afectaciones f\u00edsicas y emocionales\nque Mar\u00eda Elena tiene est\u00e1n relacionadas con la nula l\u00f3gica de acompa\u00f1amiento a\nlas v\u00edctimas desde la fiscal\u00eda, porque nunca dieron seguimiento de si estaba\nrecibiendo la atenci\u00f3n m\u00e9dica.<\/p>\n\n\n\n<p>SE\u00d1ALES DE CORRUPCI\u00d3N<\/p>\n\n\n\n<p>Rosa Sim\u00f3n, consejera consultiva en\nOaxaca del Instituto Nacional de las Mujeres, se\u00f1al\u00f3 que la falta de actuaci\u00f3n\nde las autoridades para atender casos como el de Mar\u00eda Elena, est\u00e1n\nrelacionados con corrupci\u00f3n.<\/p>\n\n\n\n<p>Muchas han pedido destituir a\ndiferentes servidores p\u00fablicos que hacen caso omiso o que no dan respuesta,\npero vemos que no hay esa posibilidad. No se abren expedientes, no se da\nseguimiento&#8230; Hay siempre encubrimiento por parte de las autoridades, pero\ntodo tiene que ver con este sistema que no permite a las mujeres acceder a la\njusticia.<\/p>\n\n\n\n<figure class=\"wp-block-embed\"><div class=\"wp-block-embed__wrapper\">\nhttps:\/\/www.jornada.com.mx\/2020\/02\/25\/politica\/005n3pol\n<\/div><\/figure>\n","protected":false},"excerpt":{"rendered":"<p>Jessica Xantomila\/Peri\u00f3dico \u201cLa Jornada\u201d Ciudad de M\u00e9xico, 25 de febrero de 2020.- Activistas demandaron justicia&hellip;<\/p>\n","protected":false},"author":2,"featured_media":6563,"comment_status":"closed","ping_status":"open","sticky":false,"template":"","format":"standard","meta":{"_lmt_disableupdate":"","_lmt_disable":"","_jetpack_memberships_contains_paid_content":false,"footnotes":""},"categories":[109,47],"tags":[1124],"class_list":["post-9205","post","type-post","status-publish","format-standard","has-post-thumbnail","hentry","category-minuto-a-minuto","category-zona-gris","tag-maria-elena-rios-ortiz"],"jetpack_featured_media_url":"https:\/\/zonaroja.com.mx\/wp-content\/uploads\/2019\/12\/Mar\u00eda-Elena-R\u00edos.jpg","jetpack_sharing_enabled":true,"_links":{"self":[{"href":"https:\/\/zonaroja.com.mx\/index.php?rest_route=\/wp\/v2\/posts\/9205","targetHints":{"allow":["GET"]}}],"collection":[{"href":"https:\/\/zonaroja.com.mx\/index.php?rest_route=\/wp\/v2\/posts"}],"about":[{"href":"https:\/\/zonaroja.com.mx\/index.php?rest_route=\/wp\/v2\/types\/post"}],"author":[{"embeddable":true,"href":"https:\/\/zonaroja.com.mx\/index.php?rest_route=\/wp\/v2\/users\/2"}],"replies":[{"embeddable":true,"href":"https:\/\/zonaroja.com.mx\/index.php?rest_route=%2Fwp%2Fv2%2Fcomments&post=9205"}],"version-history":[{"count":1,"href":"https:\/\/zonaroja.com.mx\/index.php?rest_route=\/wp\/v2\/posts\/9205\/revisions"}],"predecessor-version":[{"id":9206,"href":"https:\/\/zonaroja.com.mx\/index.php?rest_route=\/wp\/v2\/posts\/9205\/revisions\/9206"}],"wp:featuredmedia":[{"embeddable":true,"href":"https:\/\/zonaroja.com.mx\/index.php?rest_route=\/wp\/v2\/media\/6563"}],"wp:attachment":[{"href":"https:\/\/zonaroja.com.mx\/index.php?rest_route=%2Fwp%2Fv2%2Fmedia&parent=9205"}],"wp:term":[{"taxonomy":"category","embeddable":true,"href":"https:\/\/zonaroja.com.mx\/index.php?rest_route=%2Fwp%2Fv2%2Fcategories&post=9205"},{"taxonomy":"post_tag","embeddable":true,"href":"https:\/\/zonaroja.com.mx\/index.php?rest_route=%2Fwp%2Fv2%2Ftags&post=9205"}],"curies":[{"name":"wp","href":"https:\/\/api.w.org\/{rel}","templated":true}]}}