{"id":9207,"date":"2020-02-26T08:52:33","date_gmt":"2020-02-26T14:52:33","guid":{"rendered":"http:\/\/www.zonaroja.com.mx\/?p=9207"},"modified":"2020-02-26T08:52:36","modified_gmt":"2020-02-26T14:52:36","slug":"cumplen-sep-y-el-ieepo-con-la-asignacion-de-matricula-a-normalistas","status":"publish","type":"post","link":"https:\/\/zonaroja.com.mx\/?p=9207","title":{"rendered":"Cumplen SEP y el IEEPO con la asignaci\u00f3n de matr\u00edcula a normalistas"},"content":{"rendered":"\n<p>Redacci\u00f3n\/Zona Roja.<\/p>\n\n\n\n<p>Oaxaca de Ju\u00e1rez, Oax. 25 de febrero de\n2020.- La Secretar\u00eda de Educaci\u00f3n P\u00fablica (SEP) y el Instituto Estatal de\nEducaci\u00f3n P\u00fablica de Oaxaca (IEEPO), cumplieron con el otorgamiento de la\nmatr\u00edcula a la generaci\u00f3n 2019-2020, de las 11 escuelas normales de la entidad\ny contin\u00faan con la atenci\u00f3n a las peticiones de los estudiantes.<\/p>\n\n\n\n<p>En un comunicado, el IEEPO dio a\nconocer que ante la suspensi\u00f3n de labores iniciada por el alumnado normalista,\nla autoridad educativa los exhorta a que se reincorporen de inmediato a sus\nactividades acad\u00e9micas, as\u00ed como a seguir por la v\u00eda del di\u00e1logo la revisi\u00f3n a\nsus planteamientos e inquietudes.<\/p>\n\n\n\n<p>En lo que corresponde al IEEPO, no hay\ntr\u00e1mites pendientes por cumplir y se brinda el acompa\u00f1amiento necesario en el\nproceso para la transformaci\u00f3n de la malla curricular, lo cual es una facultad\nde la Federaci\u00f3n, a trav\u00e9s de la Direcci\u00f3n General de Educaci\u00f3n Superior para\nProfesionales de la Educaci\u00f3n (DGESPE), de la SEP, no del estado.<\/p>\n\n\n\n<p>En este sentido, del 11 al 14 de\nfebrero pasado, con la coordinaci\u00f3n de la Secretar\u00eda de Educaci\u00f3n P\u00fablica, en\nla Escuela Normal Biling\u00fce e Intercultural de Oaxaca (ENBIO), se llev\u00f3 a cabo\nla novena Reuni\u00f3n Nacional del Colectivo de Normales Interculturales Biling\u00fces,\npara continuar con los trabajos de la propuesta de construcci\u00f3n curricular del\nplan de estudio.<\/p>\n\n\n\n<p>Asimismo, la matr\u00edcula ya se les\nentreg\u00f3 a todas las escuelas y est\u00e1 validada por el \u00e1rea de certificaci\u00f3n del\nIEEPO, derivado de la recepci\u00f3n de expedientes correspondientes al ciclo\nescolar 2019-2020.<\/p>\n\n\n\n<p>El IEEPO contin\u00faa con la atenci\u00f3n a las\nsolicitudes expuestas por los estudiantes, en un marco de di\u00e1logo abierto y\ntransparente; por lo cual los convoca a eliminar las malas pr\u00e1cticas y continuar\npor esta v\u00eda con la atenci\u00f3n de la agenda, por medio de reuniones de trabajo en\nlas cuales se atienden \u00e9ste y otros temas, sin que realicen acciones que\nafecten su educaci\u00f3n y el cumplimiento del calendario escolar, indic\u00f3.<\/p>\n","protected":false},"excerpt":{"rendered":"<p>Redacci\u00f3n\/Zona Roja. Oaxaca de Ju\u00e1rez, Oax. 25 de febrero de 2020.- La Secretar\u00eda de Educaci\u00f3n&hellip;<\/p>\n","protected":false},"author":2,"featured_media":9208,"comment_status":"closed","ping_status":"open","sticky":false,"template":"","format":"standard","meta":{"_lmt_disableupdate":"","_lmt_disable":"","_jetpack_memberships_contains_paid_content":false,"footnotes":""},"categories":[109,47],"tags":[],"class_list":["post-9207","post","type-post","status-publish","format-standard","has-post-thumbnail","hentry","category-minuto-a-minuto","category-zona-gris"],"jetpack_featured_media_url":"https:\/\/zonaroja.com.mx\/wp-content\/uploads\/2020\/02\/Normalistas-CENEO.jpg","jetpack_sharing_enabled":true,"_links":{"self":[{"href":"https:\/\/zonaroja.com.mx\/index.php?rest_route=\/wp\/v2\/posts\/9207","targetHints":{"allow":["GET"]}}],"collection":[{"href":"https:\/\/zonaroja.com.mx\/index.php?rest_route=\/wp\/v2\/posts"}],"about":[{"href":"https:\/\/zonaroja.com.mx\/index.php?rest_route=\/wp\/v2\/types\/post"}],"author":[{"embeddable":true,"href":"https:\/\/zonaroja.com.mx\/index.php?rest_route=\/wp\/v2\/users\/2"}],"replies":[{"embeddable":true,"href":"https:\/\/zonaroja.com.mx\/index.php?rest_route=%2Fwp%2Fv2%2Fcomments&post=9207"}],"version-history":[{"count":1,"href":"https:\/\/zonaroja.com.mx\/index.php?rest_route=\/wp\/v2\/posts\/9207\/revisions"}],"predecessor-version":[{"id":9209,"href":"https:\/\/zonaroja.com.mx\/index.php?rest_route=\/wp\/v2\/posts\/9207\/revisions\/9209"}],"wp:featuredmedia":[{"embeddable":true,"href":"https:\/\/zonaroja.com.mx\/index.php?rest_route=\/wp\/v2\/media\/9208"}],"wp:attachment":[{"href":"https:\/\/zonaroja.com.mx\/index.php?rest_route=%2Fwp%2Fv2%2Fmedia&parent=9207"}],"wp:term":[{"taxonomy":"category","embeddable":true,"href":"https:\/\/zonaroja.com.mx\/index.php?rest_route=%2Fwp%2Fv2%2Fcategories&post=9207"},{"taxonomy":"post_tag","embeddable":true,"href":"https:\/\/zonaroja.com.mx\/index.php?rest_route=%2Fwp%2Fv2%2Ftags&post=9207"}],"curies":[{"name":"wp","href":"https:\/\/api.w.org\/{rel}","templated":true}]}}