{"id":9211,"date":"2020-02-26T14:33:39","date_gmt":"2020-02-26T20:33:39","guid":{"rendered":"https:\/\/www.zonaroja.com.mx\/?p=9211"},"modified":"2020-02-26T19:42:44","modified_gmt":"2020-02-27T01:42:44","slug":"congreso-de-oaxaca-cancela-sesion-ordinaria-por-protesta-de-trabajadores-y-de-teopoxco","status":"publish","type":"post","link":"https:\/\/zonaroja.com.mx\/?p=9211","title":{"rendered":"Congreso de Oaxaca cancela sesi\u00f3n ordinaria por protesta de trabajadores y de Teopoxco"},"content":{"rendered":"\n<p class=\"MsoNormal\">Yuridiana Sosa\/<\/p>\n\n\n\n<p class=\"MsoNormal\">Oaxaca de Ju\u00e1rez, Oax., 26 de febrero de 2020.- Debido a protestas de trabajadores de base y la presencia de manifestantes de Santa Mar\u00eda Teopoxco en la sede del Poder Legislativo, la Mesa Directiva y la Junta de Coordinaci\u00f3n Pol\u00edtica (Jucopo) determinaron cancelar la sesi\u00f3n ordinaria de la 64 Legislatura este d\u00eda.&nbsp;<\/p>\n\n\n\n<p class=\"MsoNormal\">Y es que integrantes del Sindicato de Trabajadores de los Poderes del Estado e Instituciones Descentralizadas de Car\u00e1cter Estatal de Oaxaca \u201ctomaron\u201d el Congreso Estatal, en rechazo al otorgamiento de una base para una persona por parte de la 62 Lesgislatura local, pararon labores desde temprana hora y se apoderaron del edifico.\u00a0<\/p>\n\n\n\n<p class=\"MsoNormal\">Ante esta protesta in\u00e9dita, el presidente de la Junta de Coordinaci\u00f3n Pol\u00edtica de Oaxaca (Jucopo), Horacio Sosa Villavicencio, expres\u00f3 su respeto al derecho de los trabajadores a manifestarse, con quienes se posteriormente se reuni\u00f3 una comisi\u00f3n para abordar el conflicto.\u00a0<\/p>\n\n\n\n<p class=\"MsoNormal\">El legislador indic\u00f3 que durante su periodo como presidente de Jucupo no se realizar\u00e1n nombramientos irregulares sobre las bases laborales, como el que&nbsp;<a href=\"\/\/1\">este mi\u00e9rcoles<\/a>&nbsp;se reclama.<\/p>\n\n\n\n<p class=\"MsoNormal\">Por su parte, el delgado sindical en el Congreso de Oaxaca, Eduardo Escobar, indic\u00f3 que hasta el momento tienen conocimiento de la formalizaci\u00f3n de una plaza, pero quieren evitar que otras, que posiblemente se hayan tramitado, se concluyan.&nbsp;<\/p>\n\n\n\n<p class=\"MsoNormal\">Refiri\u00f3 que la base laboral, tramitada hace dos a\u00f1os por los legisladores, se realiz\u00f3 a favor de una persona que no reconocen como empleado del Congreso, es decir, no forma parte de la plantilla laboral de m\u00e1s de 160 trabajadores que este d\u00eda se manifiestan.<\/p>\n\n\n\n<p class=\"MsoNormal\">En contraste, existen empleados en el recinto legislativo que cuentan con entre 15 y 18 a\u00f1os de antig\u00fcedad sin poder acceder a una base que les ofrezca certeza laboral.<\/p>\n\n\n\n<p class=\"MsoNormal\">Los representantes sindicales demandaron una reuni\u00f3n con los integrantes de la Junta de Coordinaci\u00f3n Pol\u00edtica de Oaxaca para establecer los mecanismos del otorgamiento de bases, para que se cumplan con los requisitos necesarios y priorizando a los empleados activos.<\/p>\n\n\n\n<p class=\"MsoNormal\">M\u00e1s tarde fueron atendidos y se retiraron a sus labores, pero de inmediato arribaron pobladores de Santa Mar\u00eda Teopoxco, que cercaron la sede del Congreso para exigir una mesa de di\u00e1logo.&nbsp;<\/p>\n\n\n\n<p class=\"MsoNormal\">Desde ayer los habitantes de dicha comunidad de la regi\u00f3n Ca\u00f1ada se han manifestado de manera violenta en la capital y en la zona conurbada. Por ello, ante el temor de nuevos disturbios, la representaci\u00f3n de los diputados determin\u00f3 suspender la sesi\u00f3n. <\/p>\n","protected":false},"excerpt":{"rendered":"<p>Yuridiana Sosa\/ Oaxaca de Ju\u00e1rez, Oax., 26 de febrero de 2020.- Debido a protestas de&hellip;<\/p>\n","protected":false},"author":2,"featured_media":9210,"comment_status":"closed","ping_status":"open","sticky":false,"template":"","format":"standard","meta":{"_lmt_disableupdate":"","_lmt_disable":"","_jetpack_memberships_contains_paid_content":false,"footnotes":""},"categories":[109,47],"tags":[],"class_list":["post-9211","post","type-post","status-publish","format-standard","has-post-thumbnail","hentry","category-minuto-a-minuto","category-zona-gris"],"jetpack_featured_media_url":"https:\/\/zonaroja.com.mx\/wp-content\/uploads\/2020\/02\/e50df76f-81bf-4aa1-9845-2a478d725020.jpg","jetpack_sharing_enabled":true,"_links":{"self":[{"href":"https:\/\/zonaroja.com.mx\/index.php?rest_route=\/wp\/v2\/posts\/9211","targetHints":{"allow":["GET"]}}],"collection":[{"href":"https:\/\/zonaroja.com.mx\/index.php?rest_route=\/wp\/v2\/posts"}],"about":[{"href":"https:\/\/zonaroja.com.mx\/index.php?rest_route=\/wp\/v2\/types\/post"}],"author":[{"embeddable":true,"href":"https:\/\/zonaroja.com.mx\/index.php?rest_route=\/wp\/v2\/users\/2"}],"replies":[{"embeddable":true,"href":"https:\/\/zonaroja.com.mx\/index.php?rest_route=%2Fwp%2Fv2%2Fcomments&post=9211"}],"version-history":[{"count":2,"href":"https:\/\/zonaroja.com.mx\/index.php?rest_route=\/wp\/v2\/posts\/9211\/revisions"}],"predecessor-version":[{"id":9216,"href":"https:\/\/zonaroja.com.mx\/index.php?rest_route=\/wp\/v2\/posts\/9211\/revisions\/9216"}],"wp:featuredmedia":[{"embeddable":true,"href":"https:\/\/zonaroja.com.mx\/index.php?rest_route=\/wp\/v2\/media\/9210"}],"wp:attachment":[{"href":"https:\/\/zonaroja.com.mx\/index.php?rest_route=%2Fwp%2Fv2%2Fmedia&parent=9211"}],"wp:term":[{"taxonomy":"category","embeddable":true,"href":"https:\/\/zonaroja.com.mx\/index.php?rest_route=%2Fwp%2Fv2%2Fcategories&post=9211"},{"taxonomy":"post_tag","embeddable":true,"href":"https:\/\/zonaroja.com.mx\/index.php?rest_route=%2Fwp%2Fv2%2Ftags&post=9211"}],"curies":[{"name":"wp","href":"https:\/\/api.w.org\/{rel}","templated":true}]}}