{"id":9213,"date":"2020-02-26T18:57:04","date_gmt":"2020-02-27T00:57:04","guid":{"rendered":"http:\/\/www.zonaroja.com.mx\/?p=9213"},"modified":"2020-02-26T19:05:57","modified_gmt":"2020-02-27T01:05:57","slug":"hallan-tres-ejecutados-en-matias-romero-y-asaltan-banco-en-juchitan","status":"publish","type":"post","link":"https:\/\/zonaroja.com.mx\/?p=9213","title":{"rendered":"Hallan tres ejecutados en Mat\u00edas Romero y asaltan banco en Juchit\u00e1n"},"content":{"rendered":"\n<p>Redacci\u00f3n\/Zona Roja.<\/p>\n\n\n\n<p>Oaxaca de Ju\u00e1rez, Oax., 26 de febrero\nde 2020.- Los cuerpos de tres personas, con huellas de tortura y signos de\nejecuci\u00f3n, fueron hallados en el interior de un veh\u00edculo, mientras que en\nJuchit\u00e1n de Zaragoza fue asaltada una sucursal bancaria.<\/p>\n\n\n\n<p>De acuerdo con los primeros reportes\npoliciacos, el hallazgo de los individuos en Mat\u00edas Romero ocurri\u00f3 despu\u00e9s del\nmediod\u00eda de este mi\u00e9rcoles en el interior de la cajuela de un auto color negro,\nmarca Ford, tipo Figo, que se encontraba en el camino de terracer\u00eda que conduce\na la localidad de La Esperanza.<\/p>\n\n\n\n<p>Presentan huellas de tortura y disparos de armas de fuego en diversas partes, con signos de ejecuci\u00f3n, adem\u00e1s de estar maniatados. Hasta el momento se desconoce el m\u00f3vil del ataque al igual que la identidad de las v\u00edctimas.<\/p>\n\n\n\n<p>Por otra parte, cerca del mediod\u00eda de\nhoy, sujetos armados asaltaron una sucursal del banco Banamex ubicada en la calle\n5 de Septiembre n\u00famero 12, en pleno centro de Juchit\u00e1n de Zaragoza.<\/p>\n\n\n\n<p>Fueron al menos dos individuos quienes\namagaron a los cajeros y les exigieron dinero, tras lo cual huyeron; en tanto,\nvarios clientes del banco sufrieron una crisis nerviosa, por lo cual fueron\natendidos por param\u00e9dicos.<\/p>\n\n\n\n<p>Elementos de la Polic\u00eda Municipal\narribaron al lugar pero despu\u00e9s de sucedidos los hechos; supuestamente efectuaron\npatrullajes de b\u00fasqueda, sin resultados positivos.<\/p>\n","protected":false},"excerpt":{"rendered":"<p>Redacci\u00f3n\/Zona Roja. Oaxaca de Ju\u00e1rez, Oax., 26 de febrero de 2020.- Los cuerpos de tres&hellip;<\/p>\n","protected":false},"author":2,"featured_media":1795,"comment_status":"closed","ping_status":"open","sticky":false,"template":"","format":"standard","meta":{"_lmt_disableupdate":"","_lmt_disable":"","_jetpack_memberships_contains_paid_content":false,"footnotes":""},"categories":[109,51],"tags":[1429],"class_list":["post-9213","post","type-post","status-publish","format-standard","has-post-thumbnail","hentry","category-minuto-a-minuto","category-zona-roja","tag-tres-ejecutados-matias-romero"],"jetpack_featured_media_url":"https:\/\/zonaroja.com.mx\/wp-content\/uploads\/2019\/06\/IMG_2489.jpg","jetpack_sharing_enabled":true,"_links":{"self":[{"href":"https:\/\/zonaroja.com.mx\/index.php?rest_route=\/wp\/v2\/posts\/9213","targetHints":{"allow":["GET"]}}],"collection":[{"href":"https:\/\/zonaroja.com.mx\/index.php?rest_route=\/wp\/v2\/posts"}],"about":[{"href":"https:\/\/zonaroja.com.mx\/index.php?rest_route=\/wp\/v2\/types\/post"}],"author":[{"embeddable":true,"href":"https:\/\/zonaroja.com.mx\/index.php?rest_route=\/wp\/v2\/users\/2"}],"replies":[{"embeddable":true,"href":"https:\/\/zonaroja.com.mx\/index.php?rest_route=%2Fwp%2Fv2%2Fcomments&post=9213"}],"version-history":[{"count":2,"href":"https:\/\/zonaroja.com.mx\/index.php?rest_route=\/wp\/v2\/posts\/9213\/revisions"}],"predecessor-version":[{"id":9215,"href":"https:\/\/zonaroja.com.mx\/index.php?rest_route=\/wp\/v2\/posts\/9213\/revisions\/9215"}],"wp:featuredmedia":[{"embeddable":true,"href":"https:\/\/zonaroja.com.mx\/index.php?rest_route=\/wp\/v2\/media\/1795"}],"wp:attachment":[{"href":"https:\/\/zonaroja.com.mx\/index.php?rest_route=%2Fwp%2Fv2%2Fmedia&parent=9213"}],"wp:term":[{"taxonomy":"category","embeddable":true,"href":"https:\/\/zonaroja.com.mx\/index.php?rest_route=%2Fwp%2Fv2%2Fcategories&post=9213"},{"taxonomy":"post_tag","embeddable":true,"href":"https:\/\/zonaroja.com.mx\/index.php?rest_route=%2Fwp%2Fv2%2Ftags&post=9213"}],"curies":[{"name":"wp","href":"https:\/\/api.w.org\/{rel}","templated":true}]}}