{"id":9217,"date":"2020-02-26T19:44:57","date_gmt":"2020-02-27T01:44:57","guid":{"rendered":"http:\/\/www.zonaroja.com.mx\/?p=9217"},"modified":"2020-02-26T19:45:01","modified_gmt":"2020-02-27T01:45:01","slug":"causan-danos-fuertes-vientos-en-oaxaca-suspenden-clases-en-el-istmo","status":"publish","type":"post","link":"https:\/\/zonaroja.com.mx\/?p=9217","title":{"rendered":"Causan da\u00f1os fuertes vientos en Oaxaca; suspenden clases en el Istmo"},"content":{"rendered":"\n<p>Redacci\u00f3n\/Zona Roja.<\/p>\n\n\n\n<p>Oaxaca de Ju\u00e1rez, Oax., 26 de febrero\nde 2020.- \u00c1rboles ca\u00eddos, techumbres y letreros de se\u00f1alizaci\u00f3n derribados, es\nel saldo parcial de da\u00f1os que han causado la tarde de hoy los fuertes vientos en\nOaxaca, derivado del Frente Fr\u00edo 41.<\/p>\n\n\n\n<p>Ante el fen\u00f3meno natural, el Instituto\nEstatal de Educaci\u00f3n P\u00fablica de Oaxaca (IEEPO) determin\u00f3 la suspensi\u00f3n de\nclases en escuelas de educaci\u00f3n b\u00e1sica de la regi\u00f3n del &nbsp;Istmo de Tehuantepec, este jueves 27 de\nfebrero.<\/p>\n\n\n\n<p>En un comunicado, inform\u00f3 que en\nacuerdo con la Coordinaci\u00f3n Estatal de Protecci\u00f3n Civil de Oaxaca (CEPCO), el\nIEEPO, que dirige Francisco \u00c1ngel Villarreal, determin\u00f3 aplicar la medida de\nmanera preventiva en 17 municipios del Istmo, debido al ingreso del fen\u00f3meno\nnatural, lo cual ocasionar\u00e1 fuertes vientos y lluvia en esta regi\u00f3n.<\/p>\n\n\n\n<p>Lo anterior, para salvaguardar la\nintegridad de la comunidad escolar de los planteles educativos y evitar\nriesgos.<\/p>\n\n\n\n<p>Los municipios en donde se suspenden\nclases son: Santa Mar\u00eda Chimalapa, San Miguel Chimalapa, Juchit\u00e1n de Zaragoza,\nIxtaltepec, Ciudad Ixtepec, San Dionisio del Mar, Uni\u00f3n Hidalgo, Santo Domingo\nIngenio, San Juan Guichicovi, El Barrio de la Soledad y Santa Mar\u00eda Petapa.<\/p>\n\n\n\n<p>Asimismo, Santo Domingo Petapa, El\nEspinal, Salina Cruz, Santo Domingo Tehuantepec, San Pedro Comitancillo y\nMat\u00edas Romero Avenda\u00f1o, cuyas localidades registran una mayor presencia de\nfuertes los vientos y lluvias de intensidad variable.<\/p>\n\n\n\n<p>El IEEPO exhorta a las y los directores\ny maestros de los planteles, para estar atentos a la informaci\u00f3n que emita la\nCEPCO sobre la presencia de estos eventos naturales y emitir sus reportes al\nCentro de Atenci\u00f3n Telef\u00f3nica 800 433 76 15.<\/p>\n\n\n\n<p>LAS AFECTACIONES<\/p>\n\n\n\n<p>Por otra parte, Protecci\u00f3n Civil de\nOaxaca inform\u00f3 que derivado de los vientos generados por el Frente Fr\u00edo n\u00famero\n41, se han reportado diversos da\u00f1os en la entidad, entre ellos la estructura de\nla unidad deportiva del Barrio del Conejo, en Loma Bonita.<\/p>\n\n\n\n<p>En ese mismo municipio se report\u00f3 la\nca\u00edda de un \u00e1rbol que afecto el cableado el\u00e9ctrico en la calle de Colima. <\/p>\n\n\n\n<p>En la misma zona, pero a la altura de\nla entrada principal, se present\u00f3 el desprendimiento del techo de un local\ncomercial; el incidente fue atendido por Protecci\u00f3n Civil del municipio.<\/p>\n\n\n\n<p>En tanto, en la zona del Istmo de\nTehuantepec, del municipio de Reforma de Pineda, el viento fuerte ocasion\u00f3 el\ndesprendimiento de l\u00e1minas del techado de una vivienda, el cual fue atendido\npor las autoridades municipales.<\/p>\n\n\n\n<p>En los Valles Centrales un \u00e1rbol cay\u00f3\nsobre la calle de Melchor Ocampo del centro de la capital; otro incidente se\npresent\u00f3 en la calle R\u00edo Atoyac en el fraccionamiento los R\u00edos, y uno m\u00e1s en\nPrivada de Alianza, entre el bulevar Eduardo Vasconcelos y Derechos Humanos,\nlos cuales fueron atendidos por Protecci\u00f3n Civil de Oaxaca de Ju\u00e1rez.<\/p>\n","protected":false},"excerpt":{"rendered":"<p>Redacci\u00f3n\/Zona Roja. Oaxaca de Ju\u00e1rez, Oax., 26 de febrero de 2020.- \u00c1rboles ca\u00eddos, techumbres y&hellip;<\/p>\n","protected":false},"author":2,"featured_media":9218,"comment_status":"closed","ping_status":"open","sticky":false,"template":"","format":"standard","meta":{"_lmt_disableupdate":"","_lmt_disable":"","_jetpack_memberships_contains_paid_content":false,"footnotes":""},"categories":[109,47],"tags":[1430],"class_list":["post-9217","post","type-post","status-publish","format-standard","has-post-thumbnail","hentry","category-minuto-a-minuto","category-zona-gris","tag-danos-frente-frio-oaxaca"],"jetpack_featured_media_url":"https:\/\/zonaroja.com.mx\/wp-content\/uploads\/2020\/02\/DA\u00d1OS-FF41-2.jpg","jetpack_sharing_enabled":true,"_links":{"self":[{"href":"https:\/\/zonaroja.com.mx\/index.php?rest_route=\/wp\/v2\/posts\/9217","targetHints":{"allow":["GET"]}}],"collection":[{"href":"https:\/\/zonaroja.com.mx\/index.php?rest_route=\/wp\/v2\/posts"}],"about":[{"href":"https:\/\/zonaroja.com.mx\/index.php?rest_route=\/wp\/v2\/types\/post"}],"author":[{"embeddable":true,"href":"https:\/\/zonaroja.com.mx\/index.php?rest_route=\/wp\/v2\/users\/2"}],"replies":[{"embeddable":true,"href":"https:\/\/zonaroja.com.mx\/index.php?rest_route=%2Fwp%2Fv2%2Fcomments&post=9217"}],"version-history":[{"count":1,"href":"https:\/\/zonaroja.com.mx\/index.php?rest_route=\/wp\/v2\/posts\/9217\/revisions"}],"predecessor-version":[{"id":9219,"href":"https:\/\/zonaroja.com.mx\/index.php?rest_route=\/wp\/v2\/posts\/9217\/revisions\/9219"}],"wp:featuredmedia":[{"embeddable":true,"href":"https:\/\/zonaroja.com.mx\/index.php?rest_route=\/wp\/v2\/media\/9218"}],"wp:attachment":[{"href":"https:\/\/zonaroja.com.mx\/index.php?rest_route=%2Fwp%2Fv2%2Fmedia&parent=9217"}],"wp:term":[{"taxonomy":"category","embeddable":true,"href":"https:\/\/zonaroja.com.mx\/index.php?rest_route=%2Fwp%2Fv2%2Fcategories&post=9217"},{"taxonomy":"post_tag","embeddable":true,"href":"https:\/\/zonaroja.com.mx\/index.php?rest_route=%2Fwp%2Fv2%2Ftags&post=9217"}],"curies":[{"name":"wp","href":"https:\/\/api.w.org\/{rel}","templated":true}]}}