{"id":9220,"date":"2020-02-26T20:50:24","date_gmt":"2020-02-27T02:50:24","guid":{"rendered":"http:\/\/www.zonaroja.com.mx\/?p=9220"},"modified":"2020-02-26T20:52:31","modified_gmt":"2020-02-27T02:52:31","slug":"encarcelan-a-familia-por-pedir-uso-de-panteon-en-comunidad-oaxaquena","status":"publish","type":"post","link":"https:\/\/zonaroja.com.mx\/?p=9220","title":{"rendered":"Encarcelan a familia por pedir uso de pante\u00f3n en comunidad oaxaque\u00f1a"},"content":{"rendered":"\n<p>Yuridiana Sosa\/Zona Roja.<\/p>\n\n\n\n<p>Oaxaca de Ju\u00e1rez, Oax., 26 de febrero\nde 2020.- Sin aparentes motivos, los hijos de una mujer que falleci\u00f3 en una\ncomunidad del municipio de San Andr\u00e9s Dinicuiti, en la regi\u00f3n Mixteca de Oaxaca,\nfueron encarcelados tras pedir permiso para sepultar a su madre en el pante\u00f3n\nmunicipal.<\/p>\n\n\n\n<p>Los vecinos del n\u00facleo rural Reforma\ndenunciaron que las autoridades locales, tanto de la agencia de Santa Mar\u00eda\nTutla, a la que pertenece su comunidad, como de San Andr\u00e9s Dinicuiti, de la\ncabecera municipal, actuaron en complicidad contra dichos habitantes, de los\nque no se ofrecen otros cargos para mantenerlos retenidos.<\/p>\n\n\n\n<p>Los inconformes explicaron que la\nagente de Santa Mar\u00eda Tutla cit\u00f3 el martes pasado a los hijos de la mujer\nfallecida a los 91 a\u00f1os para supuestamente tramitar la solicitud para el uso de\nsuelo, situaci\u00f3n que aprovech\u00f3 para retenerlos.<\/p>\n\n\n\n<p>El caso se agrav\u00f3 cuando vecinos del\nn\u00facleo rural intentaron apoyar a los familiares de la mujer fallecida, pues\ntambi\u00e9n fueron retenidos y golpeados por autoridades municipales.<\/p>\n\n\n\n<p>Los habitantes demandaron la\nintervenci\u00f3n de las autoridades estatales para destrabar el conflicto, del que\nhasta el momento se desconocen las casusas exactas de la actuaci\u00f3n arbitraria\nde las autoridades municipales.<\/p>\n\n\n\n<p>INTERVIENE DDHPO<\/p>\n\n\n\n<p>Por su parte, la Defensor\u00eda de los\nDerechos Humanos del Pueblo de Oaxaca dict\u00f3 medidas cautelares a una familia de\nSan Andr\u00e9s Dinicuiti, luego que les fuera negada la inhumaci\u00f3n de una mujer de\n91 a\u00f1os, adem\u00e1s de retener a cinco de sus integrantes.<\/p>\n\n\n\n<p>En un comunicado, inform\u00f3 que dio\ninicio a la queja DDHPO\/337\/(07)\/OAX\/2020, luego que el pasado martes se\ntuviera conocimiento de que autoridades municipales impidieron la sepultura de\nuna persona adulta mayor en el pante\u00f3n de la agencia de Santa Mar\u00eda Tutla.<\/p>\n\n\n\n<p>Ante lo cual solicit\u00f3 que se permitiera\nla realizaci\u00f3n del entierro, debido a que es deber del ayuntamiento proteger,\npromover, respetar y garantizar los derechos humanos de todas las personas.<\/p>\n\n\n\n<p>Aunado a este hecho, cinco familiares\nde la persona fallecida&nbsp; fueron retenidos\npor parte de las autoridades de San Andr\u00e9s Dinicuiti, ante lo cual la\nDefensor\u00eda pidi\u00f3 al ayuntamiento de la localidad como medida de protecci\u00f3n la\nliberaci\u00f3n de las personas, o en caso de ser se\u00f1aladas de incurrir en alg\u00fan\ndelito, la puesta a disposici\u00f3n ante el Ministerio P\u00fablico.<\/p>\n\n\n\n<p>La Defensor\u00eda inici\u00f3 un proceso de\ninvestigaci\u00f3n con enfoque de derechos, sin criminalizar a las autoridades ni\ntampoco a las pr\u00e1cticas comunitarias, en el que indaga posibles abusos de\nautoridad.<\/p>\n\n\n\n<p>Expuso que se tiene informaci\u00f3n que a\u00fan\npermanecen dos personas retenidas, a cada una de las cuales se les exige un\npago de tres mil pesos para obtener su libertad.&nbsp; <\/p>\n\n\n\n<p>La DDHPO se\u00f1al\u00f3 que las inhumaciones en\nlos&nbsp; panteones municipales y los rituales\nque familiares de personas fallecidas consideren es un derecho humano,\nespec\u00edficamente el derecho a participar en su cultura.<\/p>\n\n\n\n<p>Por ello, la negativa de servidores\np\u00fablicos a permitir el sepelio transgrede este derecho, pues obstaculiza que\nlos deudos y sus allegados establezcan lazos de solidaridad, se rompen v\u00ednculos\nde fraternidad y apoyo, adem\u00e1s de atentar contra la dignidad de la familia y la\npersona fallecida.<\/p>\n","protected":false},"excerpt":{"rendered":"<p>Yuridiana Sosa\/Zona Roja. Oaxaca de Ju\u00e1rez, Oax., 26 de febrero de 2020.- Sin aparentes motivos,&hellip;<\/p>\n","protected":false},"author":2,"featured_media":9221,"comment_status":"closed","ping_status":"open","sticky":false,"template":"","format":"standard","meta":{"_lmt_disableupdate":"","_lmt_disable":"","_jetpack_memberships_contains_paid_content":false,"footnotes":""},"categories":[109,47],"tags":[1431],"class_list":["post-9220","post","type-post","status-publish","format-standard","has-post-thumbnail","hentry","category-minuto-a-minuto","category-zona-gris","tag-retenidos-san-andres-dinicuiti"],"jetpack_featured_media_url":"https:\/\/zonaroja.com.mx\/wp-content\/uploads\/2020\/02\/Dinicuiti.jpg","jetpack_sharing_enabled":true,"_links":{"self":[{"href":"https:\/\/zonaroja.com.mx\/index.php?rest_route=\/wp\/v2\/posts\/9220","targetHints":{"allow":["GET"]}}],"collection":[{"href":"https:\/\/zonaroja.com.mx\/index.php?rest_route=\/wp\/v2\/posts"}],"about":[{"href":"https:\/\/zonaroja.com.mx\/index.php?rest_route=\/wp\/v2\/types\/post"}],"author":[{"embeddable":true,"href":"https:\/\/zonaroja.com.mx\/index.php?rest_route=\/wp\/v2\/users\/2"}],"replies":[{"embeddable":true,"href":"https:\/\/zonaroja.com.mx\/index.php?rest_route=%2Fwp%2Fv2%2Fcomments&post=9220"}],"version-history":[{"count":1,"href":"https:\/\/zonaroja.com.mx\/index.php?rest_route=\/wp\/v2\/posts\/9220\/revisions"}],"predecessor-version":[{"id":9222,"href":"https:\/\/zonaroja.com.mx\/index.php?rest_route=\/wp\/v2\/posts\/9220\/revisions\/9222"}],"wp:featuredmedia":[{"embeddable":true,"href":"https:\/\/zonaroja.com.mx\/index.php?rest_route=\/wp\/v2\/media\/9221"}],"wp:attachment":[{"href":"https:\/\/zonaroja.com.mx\/index.php?rest_route=%2Fwp%2Fv2%2Fmedia&parent=9220"}],"wp:term":[{"taxonomy":"category","embeddable":true,"href":"https:\/\/zonaroja.com.mx\/index.php?rest_route=%2Fwp%2Fv2%2Fcategories&post=9220"},{"taxonomy":"post_tag","embeddable":true,"href":"https:\/\/zonaroja.com.mx\/index.php?rest_route=%2Fwp%2Fv2%2Ftags&post=9220"}],"curies":[{"name":"wp","href":"https:\/\/api.w.org\/{rel}","templated":true}]}}