{"id":9224,"date":"2020-02-26T21:50:05","date_gmt":"2020-02-27T03:50:05","guid":{"rendered":"http:\/\/www.zonaroja.com.mx\/?p=9224"},"modified":"2020-02-26T21:57:59","modified_gmt":"2020-02-27T03:57:59","slug":"desconoce-santiago-xanica-a-su-autoridad-impugnan-eleccion","status":"publish","type":"post","link":"https:\/\/zonaroja.com.mx\/?p=9224","title":{"rendered":"Desconoce Santiago Xanica a su autoridad; impugnan elecci\u00f3n"},"content":{"rendered":"\n<p>Yuridiana Sosa\/Zona Roja.<\/p>\n\n\n\n<p>Oaxaca de Ju\u00e1rez, Oax.- A casi tres\nmeses de avalada una supuesta elecci\u00f3n en Santiago Xanica, por parte de las\nautoridades electorales en Oaxaca, habitantes y ex aspirantes a un cargo\nmunicipal reiteraron que contin\u00faan el proceso de impugnaci\u00f3n ante la Sala\nRegional Xalapa del Tribunal Electoral del Poder Judicial de la Federaci\u00f3n\n(TEPJF).<\/p>\n\n\n\n<p>En conferencia de prensa, los\ninconformes indicaron que se trata de un proceso fuera de toda legalidad debido\na que no existi\u00f3 una convocatoria para llevarse a cabo, as\u00ed como tampoco se\nrealiz\u00f3 la asamblea correspondiente como lo establece su comunidad regida por\nSistemas Normativos Interno (SIN).<\/p>\n\n\n\n<p>A pesar de diversas inconformidades\ninterpuestas por los candidatos, el Tribunal Estatal Electoral de Oaxaca\nratific\u00f3 hace tres semanas el nombramiento de A\u00edda Hern\u00e1ndez Moreno como\npresidenta municipal, quien no despacha ni mantiene comunicaci\u00f3n con esta\ncomunidad de la Sierra Sur, apuntaron.<\/p>\n\n\n\n<p>La presidenta, detall\u00f3 el ciudadano\nFerm\u00edn Hern\u00e1ndez, no cubri\u00f3 el requisito de cumplir con alg\u00fan otro cargo de\nservicio a la poblaci\u00f3n como lo establecen sus normativas internas, pero se\nbrind\u00f3 la oportunidad de participar como parte de la equidad de g\u00e9nero.<\/p>\n\n\n\n<p>Pero el rechazo a la elecci\u00f3n es ajeno\nal tema de g\u00e9nero aclararon. Por lo que exigen a la Sala Xalapa impugne dicha\nelecci\u00f3n para que se lleve a cabo de manera legal, pues de esta forma la\npoblaci\u00f3n no reconoce a su autoridad municipal.<\/p>\n\n\n\n<p>El ex candidato, Juan Carlos Ram\u00edrez, detall\u00f3 que la supuesta elecci\u00f3n se realiz\u00f3 el 20 de octubre, cuando la aspirante recab\u00f3 566 firmas en domicilios particulares. Situaci\u00f3n que aval\u00f3 el Tribunal Estatal Electoral y el Instituto Estatal Electoral y de Partici\u00f3n Ciudadana de Oaxaca.<\/p>\n\n\n\n<figure class=\"wp-block-embed-twitter wp-block-embed is-type-rich is-provider-twitter\"><div class=\"wp-block-embed__wrapper\">\n<div class=\"twitter-tweet\"><blockquote class=\"twitter-tweet\" data-lang=\"es\"><p lang=\"es\" dir=\"ltr\">Pobladores de Santiago Xanica reiteraron que desconocen a la autoridad de ese municipio, A\u00edda Hern\u00e1ndez Moreno, pues no fue avalada por la asamblea; exigieron a la Sala Xalapa del <a href=\"https:\/\/twitter.com\/TEPJF_XAL?ref_src=twsrc%5Etfw\">@TEPJF_XAL<\/a>, revisar a detalle la impugnaci\u00f3n que interpusieron para anular la elecci\u00f3n. <a href=\"https:\/\/t.co\/HX52Cv7fBD\">pic.twitter.com\/HX52Cv7fBD<\/a><\/p>&mdash; Zona Roja Oaxaca (@MexRoja) <a href=\"https:\/\/twitter.com\/MexRoja\/status\/1232824311167225857?ref_src=twsrc%5Etfw\">27 de febrero de 2020<\/a><\/blockquote><\/div>\n<\/div><\/figure>\n\n\n\n<p>Los habitantes concluyen que el\ngobierno estatal, principalmente la Secretar\u00eda General de Gobierno, tienen\nintereses para mantener inestabilidad en dicho municipio, pues durante tres\na\u00f1os se mantuvo sin edil, lo que facilit\u00f3 el uso de recursos p\u00fablicos por los\nadministradores.<\/p>\n\n\n\n<p>A su vez, el representante de la\norganizaci\u00f3n Comuna, Flavio Sosa, tambi\u00e9n responsabiliz\u00f3 de la inestabilidad en\nla poblaci\u00f3n a la Fiscal\u00eda General de Oaxaca, quien durante el proceso de\nregistro de candidatos dispuso de elementos de la Agencia Estatal de\nInvestigaciones como escolta para A\u00edda Hern\u00e1ndez, lo que deriv\u00f3 en un conflicto\nde violencia con la poblaci\u00f3n.<\/p>\n\n\n\n<p>\u201cLlama mucho la atenci\u00f3n que la se\u00f1ora\nse haya presentado con guardia al proceso electoral; recuerdan que hubo\nagresiones y retenci\u00f3n de polic\u00edas, pero fueron lejos de Xanica, en una agencia\nde Santa Mar\u00eda Huatulco.<\/p>\n\n\n\n<p>\u201cQui\u00e9n le proporcionaba guardias\narmados a una precandidata a presidenta municipal, eran agentes de la AEI,\nqui\u00e9n autorizaba a esos agentes de la AEI usar armas de cargo para resguardar a\nuna precandidata.<\/p>\n\n\n\n<p>\u201cCreo que si respondemos a esas preguntas vamos a encontrar qui\u00e9n est\u00e1 detr\u00e1s, porque quien maneja la AEI es el fiscal, entonces, al estilo Loxicha esta se\u00f1ora se presentaba y se pretende imponer con un grupo armado al frente de una presidencia\u201d, dijo Sosa Villavicencio.<\/p>\n\n\n\n<figure class=\"wp-block-embed-twitter wp-block-embed is-type-rich is-provider-twitter\"><div class=\"wp-block-embed__wrapper\">\n<div class=\"twitter-tweet\"><blockquote class=\"twitter-tweet\" data-lang=\"es\"><p lang=\"es\" dir=\"ltr\"><a href=\"https:\/\/twitter.com\/hashtag\/OaxacaGris?src=hash&amp;ref_src=twsrc%5Etfw\">#OaxacaGris<\/a><br>Durante la conferencia de Santiago Xanica, el dirigente de <a href=\"https:\/\/twitter.com\/comunaoax?ref_src=twsrc%5Etfw\">@comunaoax<\/a>, <a href=\"https:\/\/twitter.com\/flaviososavilla?ref_src=twsrc%5Etfw\">@flaviososavilla<\/a>, cuestion\u00f3 al titular de la <a href=\"https:\/\/twitter.com\/FISCALIA_GobOax?ref_src=twsrc%5Etfw\">@FISCALIA_GobOax<\/a>, <a href=\"https:\/\/twitter.com\/RVasconcelosM?ref_src=twsrc%5Etfw\">@RVasconcelosM<\/a>, por qu\u00e9 A\u00edda Hern\u00e1ndez Moreno tiene agentes de <a href=\"https:\/\/twitter.com\/AEI_Oaxaca?ref_src=twsrc%5Etfw\">@AEI_Oaxaca<\/a> a su servicio personal, a\u00fan antes de las elecciones. <a href=\"https:\/\/t.co\/ZC1KgCevIn\">pic.twitter.com\/ZC1KgCevIn<\/a><\/p>&mdash; Zona Roja Oaxaca (@MexRoja) <a href=\"https:\/\/twitter.com\/MexRoja\/status\/1232827086831792128?ref_src=twsrc%5Etfw\">27 de febrero de 2020<\/a><\/blockquote><\/div>\n<\/div><\/figure>\n","protected":false},"excerpt":{"rendered":"<p>Yuridiana Sosa\/Zona Roja. Oaxaca de Ju\u00e1rez, Oax.- A casi tres meses de avalada una supuesta&hellip;<\/p>\n","protected":false},"author":2,"featured_media":9225,"comment_status":"closed","ping_status":"open","sticky":false,"template":"","format":"standard","meta":{"_lmt_disableupdate":"","_lmt_disable":"","_jetpack_memberships_contains_paid_content":false,"footnotes":""},"categories":[109,47],"tags":[628],"class_list":["post-9224","post","type-post","status-publish","format-standard","has-post-thumbnail","hentry","category-minuto-a-minuto","category-zona-gris","tag-santiago-xanica"],"jetpack_featured_media_url":"https:\/\/zonaroja.com.mx\/wp-content\/uploads\/2020\/02\/Conferencia-Santiago-Xanica.jpg","jetpack_sharing_enabled":true,"_links":{"self":[{"href":"https:\/\/zonaroja.com.mx\/index.php?rest_route=\/wp\/v2\/posts\/9224","targetHints":{"allow":["GET"]}}],"collection":[{"href":"https:\/\/zonaroja.com.mx\/index.php?rest_route=\/wp\/v2\/posts"}],"about":[{"href":"https:\/\/zonaroja.com.mx\/index.php?rest_route=\/wp\/v2\/types\/post"}],"author":[{"embeddable":true,"href":"https:\/\/zonaroja.com.mx\/index.php?rest_route=\/wp\/v2\/users\/2"}],"replies":[{"embeddable":true,"href":"https:\/\/zonaroja.com.mx\/index.php?rest_route=%2Fwp%2Fv2%2Fcomments&post=9224"}],"version-history":[{"count":1,"href":"https:\/\/zonaroja.com.mx\/index.php?rest_route=\/wp\/v2\/posts\/9224\/revisions"}],"predecessor-version":[{"id":9226,"href":"https:\/\/zonaroja.com.mx\/index.php?rest_route=\/wp\/v2\/posts\/9224\/revisions\/9226"}],"wp:featuredmedia":[{"embeddable":true,"href":"https:\/\/zonaroja.com.mx\/index.php?rest_route=\/wp\/v2\/media\/9225"}],"wp:attachment":[{"href":"https:\/\/zonaroja.com.mx\/index.php?rest_route=%2Fwp%2Fv2%2Fmedia&parent=9224"}],"wp:term":[{"taxonomy":"category","embeddable":true,"href":"https:\/\/zonaroja.com.mx\/index.php?rest_route=%2Fwp%2Fv2%2Fcategories&post=9224"},{"taxonomy":"post_tag","embeddable":true,"href":"https:\/\/zonaroja.com.mx\/index.php?rest_route=%2Fwp%2Fv2%2Ftags&post=9224"}],"curies":[{"name":"wp","href":"https:\/\/api.w.org\/{rel}","templated":true}]}}