{"id":9230,"date":"2020-02-26T22:17:53","date_gmt":"2020-02-27T04:17:53","guid":{"rendered":"http:\/\/www.zonaroja.com.mx\/?p=9230"},"modified":"2020-02-26T22:17:57","modified_gmt":"2020-02-27T04:17:57","slug":"critican-maestros-a-edil-de-zaachila-por-respaldar-a-gobernador-murat","status":"publish","type":"post","link":"https:\/\/zonaroja.com.mx\/?p=9230","title":{"rendered":"Critican maestros a edil de Zaachila por respaldar a gobernador Murat"},"content":{"rendered":"\n<p>Evlin Arag\u00f3n\/Zona Roja.<\/p>\n\n\n\n<p>Oaxaca de Ju\u00e1rez, Oax., 26 de febrero\nde 2020.- En el marco de la novena audiencia del gobernador de Oaxaca,\nAlejandro Murat Hinojosa, integrantes de la Secci\u00f3n 22 adherida a la\nCoordinadora Nacional de Trabajadores de la Educaci\u00f3n (Cnte), se manifestaron en\nel municipio de la Villa de Zaachila sede de la actividad, para denunciar su\nrepudio a la administraci\u00f3n actual que ha olvidado al sector educativo.<\/p>\n\n\n\n<p>De primera cuenta el grupo de\nmanifestantes realiz\u00f3 un bloqueo carretero en la avenida principal que conduce\na la localidad, para posteriormente salir en marcha hasta el palacio municipal\nen donde encabezaron un mitin pol\u00edtico en rechazo a la presencia del mandatario\nestatal en territorio zapoteca.<\/p>\n\n\n\n<p>Desde la tarde de ayer la dirigencia de\nla gremial hizo el llamado al 20 por ciento de la membres\u00eda para participar en\nla acci\u00f3n, sin embargo s\u00f3lo fue un grupo reducido el que hizo presencia en el\nlugar y destac\u00f3 la ausencia de integrantes de la dirigencia magisterial quienes\nno participaron ni en la marcha ni en el mitin.<\/p>\n\n\n\n<p>Durante su protesta la gremial rechaz\u00f3\nque el edil de la Villa de Zaachila, C\u00e1stulo Bret\u00f3n Mendoza respalde la audiencia\nque encabez\u00f3 un gobernador priista que ha dejado mucho que desear en torno a la\natenci\u00f3n de las necesidades b\u00e1sicas de quienes menos tienen.<\/p>\n\n\n\n<p>El grupo inconforme acus\u00f3 al gobernador\nde Oaxaca de no dar respuesta a sus demandas, a pesar de que en diferentes\nocasiones la dirigencia se ha reunido con las autoridades estatales y\nfederales, estas \u00faltimas encabezadas por Andr\u00e9s Manuel L\u00f3pez Obrador, quien se\nha dicho aliado del magisterio.<\/p>\n\n\n\n<p>En este sentido, criticaron las\ncondiciones en las que se encuentran las escuelas en la entidad oaxaque\u00f1a, las\ncuales s\u00f3lo reciben las migajas de gobierno que ha olvidado su compromiso\ncentral con la educaci\u00f3n. <\/p>\n\n\n\n<p>A la par que se pronunciaron en contra\nde los mega proyectos que encabeza la administraci\u00f3n actual, particularmente en\nun pueblo como Zaachila que es un basti\u00f3n de la resistencia social.<\/p>\n\n\n\n<p>Finalmente recordaron que est\u00e1\npendiente la justicia para sus compa\u00f1eros presos pol\u00edticos, as\u00ed como los\nasesinados en la lucha por defender una causa justa. \u201cEste movimiento le recuerda\nque la historia no ha terminado, le seguir\u00e1n recordando los asesinatos,\ndesaparici\u00f3n y encarcelamientos de los luchadores sociales\u201d.<\/p>\n\n\n\n<p>Cabe se\u00f1alar que el grupo de docentes\ncoloc\u00f3 un carro en el cual instalaron lonas para manifestar su rechazo al libramiento\nsur, a la ampliaci\u00f3n de basurero municipal y exigieron una revisi\u00f3n total y\nauditor\u00eda al Infonavit, dependencia que dirigi\u00f3 el gobernador de Oaxaca,\nAlejandro Murat.<\/p>\n","protected":false},"excerpt":{"rendered":"<p>Evlin Arag\u00f3n\/Zona Roja. Oaxaca de Ju\u00e1rez, Oax., 26 de febrero de 2020.- En el marco&hellip;<\/p>\n","protected":false},"author":2,"featured_media":9231,"comment_status":"closed","ping_status":"open","sticky":false,"template":"","format":"standard","meta":{"_lmt_disableupdate":"","_lmt_disable":"","_jetpack_memberships_contains_paid_content":false,"footnotes":""},"categories":[109,47],"tags":[1433],"class_list":["post-9230","post","type-post","status-publish","format-standard","has-post-thumbnail","hentry","category-minuto-a-minuto","category-zona-gris","tag-protesta-seccion-22-en-zaachila"],"jetpack_featured_media_url":"https:\/\/zonaroja.com.mx\/wp-content\/uploads\/2020\/02\/PHOTO-2020-02-26-11-19-29.jpg","jetpack_sharing_enabled":true,"_links":{"self":[{"href":"https:\/\/zonaroja.com.mx\/index.php?rest_route=\/wp\/v2\/posts\/9230","targetHints":{"allow":["GET"]}}],"collection":[{"href":"https:\/\/zonaroja.com.mx\/index.php?rest_route=\/wp\/v2\/posts"}],"about":[{"href":"https:\/\/zonaroja.com.mx\/index.php?rest_route=\/wp\/v2\/types\/post"}],"author":[{"embeddable":true,"href":"https:\/\/zonaroja.com.mx\/index.php?rest_route=\/wp\/v2\/users\/2"}],"replies":[{"embeddable":true,"href":"https:\/\/zonaroja.com.mx\/index.php?rest_route=%2Fwp%2Fv2%2Fcomments&post=9230"}],"version-history":[{"count":1,"href":"https:\/\/zonaroja.com.mx\/index.php?rest_route=\/wp\/v2\/posts\/9230\/revisions"}],"predecessor-version":[{"id":9232,"href":"https:\/\/zonaroja.com.mx\/index.php?rest_route=\/wp\/v2\/posts\/9230\/revisions\/9232"}],"wp:featuredmedia":[{"embeddable":true,"href":"https:\/\/zonaroja.com.mx\/index.php?rest_route=\/wp\/v2\/media\/9231"}],"wp:attachment":[{"href":"https:\/\/zonaroja.com.mx\/index.php?rest_route=%2Fwp%2Fv2%2Fmedia&parent=9230"}],"wp:term":[{"taxonomy":"category","embeddable":true,"href":"https:\/\/zonaroja.com.mx\/index.php?rest_route=%2Fwp%2Fv2%2Fcategories&post=9230"},{"taxonomy":"post_tag","embeddable":true,"href":"https:\/\/zonaroja.com.mx\/index.php?rest_route=%2Fwp%2Fv2%2Ftags&post=9230"}],"curies":[{"name":"wp","href":"https:\/\/api.w.org\/{rel}","templated":true}]}}