{"id":9235,"date":"2020-02-27T07:33:54","date_gmt":"2020-02-27T13:33:54","guid":{"rendered":"http:\/\/www.zonaroja.com.mx\/?p=9235"},"modified":"2020-02-27T07:33:57","modified_gmt":"2020-02-27T13:33:57","slug":"ya-viene-el-coronavirus-entro-a-america-latina-por-brasil","status":"publish","type":"post","link":"https:\/\/zonaroja.com.mx\/?p=9235","title":{"rendered":"Ya viene el coronavirus: entr\u00f3 a Am\u00e9rica Latina por Brasil"},"content":{"rendered":"\n<p>Redacci\u00f3n\/Zona Roja Cdmx.<\/p>\n\n\n\n<p>Ciudad de M\u00e9xico, 27 de febrero de 2020.-\nEl coronavirus (Covid-19) lleg\u00f3 a Am\u00e9rica Latina por Brasil, en plena semana de\ncarnavales en el pa\u00eds, en medio de una oleada de alarma mundial por la\npropagaci\u00f3n de contagios en Italia y otros pa\u00edses de Europa, el registro de m\u00e1s\ndecesos en Ir\u00e1n, y m\u00e1s de mil 500 infectados en Corea del Sur.<\/p>\n\n\n\n<p>El ministro de Salud, Luiz Henrique\nMandetta, inform\u00f3 ayer que el enfermo es un empresario de 61 a\u00f1os, originario\nde Sao Paulo, quien regres\u00f3 el d\u00eda 21 a la meg\u00e1polis brasile\u00f1a procedente de\nLombard\u00eda, norte de Italia, donde se han registrado la mayor\u00eda de los casos de\nmuertes y contagios en Europa.<\/p>\n\n\n\n<p>El funcionario explic\u00f3 que el individuo\npermaneci\u00f3 dos semanas en Lombard\u00eda y no present\u00f3 ning\u00fan s\u00edntoma ni cuadro\nfebril cuando arrib\u00f3 al pa\u00eds el viernes, pero el lunes se dirigi\u00f3 a una unidad\nm\u00e9dica por los malestares del virus. <\/p>\n\n\n\n<p>Las autoridades m\u00e9dicas dieron a\nconocer que una primera prueba de laboratorio dio positivo, pero deb\u00edan\nesperaban la contraprueba para confirmarlo.<\/p>\n\n\n\n<p>Agreg\u00f3 que hay entre 50 y 60 personas\nen supervisi\u00f3n m\u00e9dica por haber tenido contacto con el enfermo, quien relat\u00f3\nque estuvo en una fiesta con 30 personas el domingo.<\/p>\n\n\n\n<p>El misterioso virus tiene una\nincubaci\u00f3n de dos a 28 d\u00edas; puede contagiarse aun cuando no sean visibles los\ns\u00edntomas, que son fiebre, tos, dificultad para respirar y puede derivar en\nneumon\u00eda y fallas renales.<\/p>\n\n\n\n<p>Tras la aparici\u00f3n de este caso, los\ngobiernos de Panam\u00e1, Chile y Bolivia anunciaron por separado que fortalecer\u00e1n\nsus programas de sanidad.<\/p>\n\n\n\n<p>En China continental, donde en\ndiciembre se registr\u00f3 el primer caso de Covid-19, han muerto hasta hoy 2 mil\n799 personas y se han infectado 82 mil 152. La enfermedad se propaga por una\ntreintena de pa\u00edses, donde ha dejado m\u00e1s de 40 muertos y 2 mil 500 contagiados.<\/p>\n\n\n\n<p>En conferencia de prensa en la Casa\nBlanca, el presidente de Estados Unidos, Donald Trump, defendi\u00f3 su estrategia\nfrente al nuevo coronavirus y acus\u00f3 a los medios de prensa de causar p\u00e1nico. <\/p>\n\n\n\n<p>Asegur\u00f3 que su gobierno est\u00e1 preparado\npara intensificar su respuesta, se\u00f1al\u00f3 que el incremento de contagios en el\npa\u00eds es inevitable y nombr\u00f3 al vicepresidente Mike Pence para liderar los\nesfuerzos para contener la afecci\u00f3n.<\/p>\n\n\n\n<p>El magnate insisti\u00f3 que el riesgo del\nCovid-19, con 60 casos en Estados Unidos, es muy bajo y, en caso de\nincrementarse, podr\u00eda considerar nuevas restricciones de viaje a territorio\nestadunidense.<\/p>\n\n\n\n<p>Desde Ginebra, el jefe de la\nOrganizaci\u00f3n Mundial de la Salud (OMS), el et\u00edope Tedros Adhanom Ghebreyesus,\ndeclar\u00f3 que el repentino incremento de casos en Italia, Ir\u00e1n y Corea del Sur es\naltamente preocupante, pero todav\u00eda se puede contener y no equivale a una\npandemia.<\/p>\n\n\n\n<p>El gobierno de Italia trata de recabar\napoyo internacional para contener el brote, luego de que ya registra 12 muertos\ny 374 enfermos, en su mayor\u00eda detectados en el norte del pa\u00eds, aunque ya se\nextendi\u00f3 a la regiones de Toscana, Liguria y la isla de Sicilia. Esta es la\nnaci\u00f3n m\u00e1s afectada de Europa y se ha convertido en un difusor de contagios por\nel continente.<\/p>\n\n\n\n<p>Las autoridades espa\u00f1olas eval\u00faan\nlevantar la cuarentena en un hotel de Tenerife, donde se hospedaron cuatro\nitalianos infectados, y analizan un caso en Andaluc\u00eda, de una persona que no ha\ntenido contacto con alg\u00fan enfermo.<\/p>\n\n\n\n<p>Suiza, Noruega, Austria, Grecia,\nCroacia, Macedonia del Norte y Georgia confirmaron sus primeros casos, en su\nmayor\u00eda procedentes de territorio italiano. Alemania inform\u00f3 que estaba al\nprincipio de una epidemia y tom\u00f3 medidas de cuarentena con casos a\u00fan no\nconfirmados vinculados con Italia.<\/p>\n\n\n\n<p>Un franc\u00e9s de 60 a\u00f1os falleci\u00f3 en un\nhospital de Par\u00eds a consecuencia del nuevo coronavirus.<\/p>\n\n\n\n<p>Corea del Sur registr\u00f3 hasta hoy 12\nmuertos y mil 595 contagios, entre ellas un miembro del ej\u00e9rcito estadunidese.\nIr\u00e1n, con 19 decesos, acus\u00f3 a Estados Unidos de propagar miedo con la\nenfermedad.<\/p>\n\n\n\n<p>(Con informaci\u00f3n de agencias y el\ndiario \u201cLa Jornada\u201d)<\/p>\n","protected":false},"excerpt":{"rendered":"<p>Redacci\u00f3n\/Zona Roja Cdmx. Ciudad de M\u00e9xico, 27 de febrero de 2020.- El coronavirus (Covid-19) lleg\u00f3&hellip;<\/p>\n","protected":false},"author":2,"featured_media":9236,"comment_status":"closed","ping_status":"open","sticky":false,"template":"","format":"standard","meta":{"_lmt_disableupdate":"","_lmt_disable":"","_jetpack_memberships_contains_paid_content":false,"footnotes":""},"categories":[109,47],"tags":[1434],"class_list":["post-9235","post","type-post","status-publish","format-standard","has-post-thumbnail","hentry","category-minuto-a-minuto","category-zona-gris","tag-coronavirus-brasil"],"jetpack_featured_media_url":"https:\/\/zonaroja.com.mx\/wp-content\/uploads\/2020\/02\/Coronavirus-Brasil.jpg","jetpack_sharing_enabled":true,"_links":{"self":[{"href":"https:\/\/zonaroja.com.mx\/index.php?rest_route=\/wp\/v2\/posts\/9235","targetHints":{"allow":["GET"]}}],"collection":[{"href":"https:\/\/zonaroja.com.mx\/index.php?rest_route=\/wp\/v2\/posts"}],"about":[{"href":"https:\/\/zonaroja.com.mx\/index.php?rest_route=\/wp\/v2\/types\/post"}],"author":[{"embeddable":true,"href":"https:\/\/zonaroja.com.mx\/index.php?rest_route=\/wp\/v2\/users\/2"}],"replies":[{"embeddable":true,"href":"https:\/\/zonaroja.com.mx\/index.php?rest_route=%2Fwp%2Fv2%2Fcomments&post=9235"}],"version-history":[{"count":1,"href":"https:\/\/zonaroja.com.mx\/index.php?rest_route=\/wp\/v2\/posts\/9235\/revisions"}],"predecessor-version":[{"id":9237,"href":"https:\/\/zonaroja.com.mx\/index.php?rest_route=\/wp\/v2\/posts\/9235\/revisions\/9237"}],"wp:featuredmedia":[{"embeddable":true,"href":"https:\/\/zonaroja.com.mx\/index.php?rest_route=\/wp\/v2\/media\/9236"}],"wp:attachment":[{"href":"https:\/\/zonaroja.com.mx\/index.php?rest_route=%2Fwp%2Fv2%2Fmedia&parent=9235"}],"wp:term":[{"taxonomy":"category","embeddable":true,"href":"https:\/\/zonaroja.com.mx\/index.php?rest_route=%2Fwp%2Fv2%2Fcategories&post=9235"},{"taxonomy":"post_tag","embeddable":true,"href":"https:\/\/zonaroja.com.mx\/index.php?rest_route=%2Fwp%2Fv2%2Ftags&post=9235"}],"curies":[{"name":"wp","href":"https:\/\/api.w.org\/{rel}","templated":true}]}}