{"id":9238,"date":"2020-02-27T08:55:14","date_gmt":"2020-02-27T14:55:14","guid":{"rendered":"http:\/\/www.zonaroja.com.mx\/?p=9238"},"modified":"2020-02-27T08:55:38","modified_gmt":"2020-02-27T14:55:38","slug":"mata-guardia-nacional-a-presunto-delincuente-en-la-costa-de-oaxaca","status":"publish","type":"post","link":"https:\/\/zonaroja.com.mx\/?p=9238","title":{"rendered":"Mata Guardia Nacional a presunto delincuente en la Costa de Oaxaca"},"content":{"rendered":"\n<p>Redacci\u00f3n\/Zona Roja.<\/p>\n\n\n\n<p>Oaxaca de Ju\u00e1rez, Oax., 27 de febrero\nde 2020.- Un solitario presunto delincuente fue abatido con un balazo en la\ncabeza y dos en el cuerpo, en una comunidad de Santa Mar\u00eda Colotepec, municipio\nde la regi\u00f3n de la Costa de Oaxaca.<\/p>\n\n\n\n<p>La v\u00edctima fue identificada de manera\npreliminar como Uziel L. G., 30 a\u00f1os, originario del pueblo de Santa Elena, y\nal momento de ser abatido portaba un rifle y una pistola.<\/p>\n\n\n\n<p>De acuerdo con los primeros informes,\nlos hechos ocurrieron anoche camino a la localidad de El Puertecito; elementos de\nla Guardia Nacional efectuaban un recorrido de supervisi\u00f3n en dicha zona,\ncercana a la playa.<\/p>\n\n\n\n<p>En ese sitio se percataron de una\npersona a bordo de una motocicleta, con pantal\u00f3n de mezclilla y chaleco t\u00e1ctico\ntipo militar, que al ver a los uniformados, intent\u00f3 darse a la fuga a la vez\nque accion\u00f3 su arma, por lo cual la Guardia Nacional lo abati\u00f3.<\/p>\n\n\n\n<p>Hasta el momento la corporaci\u00f3n creada\nen junio pasado por el Presidente Andr\u00e9s Manuel L\u00f3pez Obrador no ha dado m\u00e1s\ndetalles del caso.<\/p>\n","protected":false},"excerpt":{"rendered":"<p>Redacci\u00f3n\/Zona Roja. Oaxaca de Ju\u00e1rez, Oax., 27 de febrero de 2020.- Un solitario presunto delincuente&hellip;<\/p>\n","protected":false},"author":2,"featured_media":2024,"comment_status":"closed","ping_status":"open","sticky":false,"template":"","format":"standard","meta":{"_lmt_disableupdate":"","_lmt_disable":"","_jetpack_memberships_contains_paid_content":false,"footnotes":""},"categories":[109,51],"tags":[1435],"class_list":["post-9238","post","type-post","status-publish","format-standard","has-post-thumbnail","hentry","category-minuto-a-minuto","category-zona-roja","tag-asesinado-guardia-nacional-colotepec"],"jetpack_featured_media_url":"https:\/\/zonaroja.com.mx\/wp-content\/uploads\/2019\/07\/6408735d-0708-4092-ab64-4eadd95c6d27.jpg","jetpack_sharing_enabled":true,"_links":{"self":[{"href":"https:\/\/zonaroja.com.mx\/index.php?rest_route=\/wp\/v2\/posts\/9238","targetHints":{"allow":["GET"]}}],"collection":[{"href":"https:\/\/zonaroja.com.mx\/index.php?rest_route=\/wp\/v2\/posts"}],"about":[{"href":"https:\/\/zonaroja.com.mx\/index.php?rest_route=\/wp\/v2\/types\/post"}],"author":[{"embeddable":true,"href":"https:\/\/zonaroja.com.mx\/index.php?rest_route=\/wp\/v2\/users\/2"}],"replies":[{"embeddable":true,"href":"https:\/\/zonaroja.com.mx\/index.php?rest_route=%2Fwp%2Fv2%2Fcomments&post=9238"}],"version-history":[{"count":1,"href":"https:\/\/zonaroja.com.mx\/index.php?rest_route=\/wp\/v2\/posts\/9238\/revisions"}],"predecessor-version":[{"id":9239,"href":"https:\/\/zonaroja.com.mx\/index.php?rest_route=\/wp\/v2\/posts\/9238\/revisions\/9239"}],"wp:featuredmedia":[{"embeddable":true,"href":"https:\/\/zonaroja.com.mx\/index.php?rest_route=\/wp\/v2\/media\/2024"}],"wp:attachment":[{"href":"https:\/\/zonaroja.com.mx\/index.php?rest_route=%2Fwp%2Fv2%2Fmedia&parent=9238"}],"wp:term":[{"taxonomy":"category","embeddable":true,"href":"https:\/\/zonaroja.com.mx\/index.php?rest_route=%2Fwp%2Fv2%2Fcategories&post=9238"},{"taxonomy":"post_tag","embeddable":true,"href":"https:\/\/zonaroja.com.mx\/index.php?rest_route=%2Fwp%2Fv2%2Ftags&post=9238"}],"curies":[{"name":"wp","href":"https:\/\/api.w.org\/{rel}","templated":true}]}}