{"id":9240,"date":"2020-02-27T09:24:09","date_gmt":"2020-02-27T15:24:09","guid":{"rendered":"http:\/\/www.zonaroja.com.mx\/?p=9240"},"modified":"2020-02-27T09:24:29","modified_gmt":"2020-02-27T15:24:29","slug":"ante-fuertes-vientos-desaparecen-seis-pescadores-en-el-istmo-de-oaxaca","status":"publish","type":"post","link":"https:\/\/zonaroja.com.mx\/?p=9240","title":{"rendered":"Ante fuertes vientos, desaparecen seis pescadores en el Istmo de Oaxaca"},"content":{"rendered":"\n<p>Redacci\u00f3n\/Zona Roja.<\/p>\n\n\n\n<p>Oaxaca de Ju\u00e1rez, Oax. 27 de febrero de\n2020.- Debido a los fuertes vientos que provoca el Frente Fr\u00edo 41, seis pescadores\nse encuentran desaparecidos en la zona lagunar de la regi\u00f3n del Istmo de\nTehuantepec, Oaxaca.<\/p>\n\n\n\n<p>La Coordinaci\u00f3n Estatal de Protecci\u00f3n\nCivil de Oaxaca (CEPCO) inform\u00f3 que en conjunto con la Secretar\u00eda de Marina y\nautoridades municipales, activaron los protocolos de b\u00fasqueda por la\ndesaparici\u00f3n de seis pescadores en el mar muerto, de Huam\u00fachil, San Dionisio\ndel Mar.<\/p>\n\n\n\n<p>En un comunicado indic\u00f3 que este\nmi\u00e9rcoles, la presidenta municipal de San Dionisio del Mar, Teresita de Jes\u00fas\nOjeda, expuso que seis pescadores salieron a las 07:00 de la ma\u00f1ana de ayer en\nla zona de Huam\u00fachil y no retornaron.<\/p>\n\n\n\n<p>Los pescadores que debieron retornar a\nla orilla de playa en el trascurso de la ma\u00f1ana ante el alertamiento que se\nemiti\u00f3 por los efectos del Frente Fr\u00edo 41 que impactaron la zona en horas de la\ntarde, salieron en dos pangas de fibra de vidrio, destac\u00f3 el funcionario.<\/p>\n\n\n\n<p>Por la tarde de este mi\u00e9rcoles,\nfamiliares y autoridades realizaron la b\u00fasqueda de las personas extraviadas por\ntierra.<\/p>\n\n\n\n<p>V\u00eda mar\u00edtima, la ma\u00f1ana de hoy se\nintensific\u00f3 la localizaci\u00f3n de Similiano P. R., Eliceno P. C., \u00c1lvaro T. M.,\nH\u00e9ctor G. R., Flaviano V. y el menor de edad Dar\u00edo G.E.; hasta el momento se ha\nhallado una garrafa con el celular de uno de los j\u00f3venes en la orilla de playa,\nluego de que las condiciones clim\u00e1ticas lo permitieran.<\/p>\n","protected":false},"excerpt":{"rendered":"<p>Redacci\u00f3n\/Zona Roja. Oaxaca de Ju\u00e1rez, Oax. 27 de febrero de 2020.- Debido a los fuertes&hellip;<\/p>\n","protected":false},"author":2,"featured_media":0,"comment_status":"closed","ping_status":"open","sticky":false,"template":"","format":"standard","meta":{"_lmt_disableupdate":"","_lmt_disable":"","_jetpack_memberships_contains_paid_content":false,"footnotes":""},"categories":[109,47],"tags":[1436],"class_list":["post-9240","post","type-post","status-publish","format-standard","hentry","category-minuto-a-minuto","category-zona-gris","tag-pescadores-desaparecidos-istmo"],"jetpack_featured_media_url":"","jetpack_sharing_enabled":true,"_links":{"self":[{"href":"https:\/\/zonaroja.com.mx\/index.php?rest_route=\/wp\/v2\/posts\/9240","targetHints":{"allow":["GET"]}}],"collection":[{"href":"https:\/\/zonaroja.com.mx\/index.php?rest_route=\/wp\/v2\/posts"}],"about":[{"href":"https:\/\/zonaroja.com.mx\/index.php?rest_route=\/wp\/v2\/types\/post"}],"author":[{"embeddable":true,"href":"https:\/\/zonaroja.com.mx\/index.php?rest_route=\/wp\/v2\/users\/2"}],"replies":[{"embeddable":true,"href":"https:\/\/zonaroja.com.mx\/index.php?rest_route=%2Fwp%2Fv2%2Fcomments&post=9240"}],"version-history":[{"count":1,"href":"https:\/\/zonaroja.com.mx\/index.php?rest_route=\/wp\/v2\/posts\/9240\/revisions"}],"predecessor-version":[{"id":9242,"href":"https:\/\/zonaroja.com.mx\/index.php?rest_route=\/wp\/v2\/posts\/9240\/revisions\/9242"}],"wp:attachment":[{"href":"https:\/\/zonaroja.com.mx\/index.php?rest_route=%2Fwp%2Fv2%2Fmedia&parent=9240"}],"wp:term":[{"taxonomy":"category","embeddable":true,"href":"https:\/\/zonaroja.com.mx\/index.php?rest_route=%2Fwp%2Fv2%2Fcategories&post=9240"},{"taxonomy":"post_tag","embeddable":true,"href":"https:\/\/zonaroja.com.mx\/index.php?rest_route=%2Fwp%2Fv2%2Ftags&post=9240"}],"curies":[{"name":"wp","href":"https:\/\/api.w.org\/{rel}","templated":true}]}}