{"id":9243,"date":"2020-02-27T09:29:53","date_gmt":"2020-02-27T15:29:53","guid":{"rendered":"http:\/\/www.zonaroja.com.mx\/?p=9243"},"modified":"2020-02-27T10:42:39","modified_gmt":"2020-02-27T16:42:39","slug":"una-semana-de-paro-y-bloqueo-de-trabajadores-ante-desinteres-de-titular-sso","status":"publish","type":"post","link":"https:\/\/zonaroja.com.mx\/?p=9243","title":{"rendered":"Una semana de paro y bloqueo de trabajadores, ante desinter\u00e9s de titular SSO"},"content":{"rendered":"\n<p>Evlin Arag\u00f3n\/Zona Roja.<\/p>\n\n\n\n<p>Oaxaca de Ju\u00e1rez, Oax., 27 de febrero\nde 2020.- Personal adherido a la Secci\u00f3n 35 del Sindicato Nacional de Trabajadores\nde la Secretaria de Salud cumpli\u00f3 una semana de bloqueo a las oficinas de los\nServicios de Salud de Oaxaca (SSO), ante el desinter\u00e9s de su titilar, Donato\nCasas Escamilla.<\/p>\n\n\n\n<p>Desde la semana pasada, trabajadores de\nla Direcci\u00f3n de Regulaci\u00f3n Sanitaria, iniciaron sus protestas para exigir la\nremoci\u00f3n de Mariela Pe\u00f1a Bur\u00f3n de la direcci\u00f3n de esa \u00e1rea.<\/p>\n\n\n\n<p>Desde el lunes fueron respaldados por\ntodo el Comit\u00e9 Ejecutivo Seccional, que llam\u00f3 a un paro de labores\ngeneralizado, en cl\u00ednicas y hospitales de la jurisdicci\u00f3n Valles Centrales.<\/p>\n\n\n\n<p>La protesta se radicaliz\u00f3 de nuevo hoy\ncon la \u201ctoma\u201d de las instalaciones centrales de los Servicios de Salud,\nubicadas en la primera calle de J.P, Garc\u00eda que fue bloqueada por un grupo de\nmanifestantes ocasionando serias complicaciones viales en el primer cuadro de\nla ciudad.<\/p>\n\n\n\n<p>Durante la protesta reiteraron que su\ndemanda principal no ha sido atendida por las autoridades de los Servicios de\nSalud, encabezadas por Donato Casas Escamilla, a quien reclaman la\ninsensibilidad y el poco inter\u00e9s de escuchar a la base trabajadora que ha\nexpuesto el maltrato que enfrentan por parte de la funcionaria antes citada.<\/p>\n\n\n\n<p>El delegado sindical, Juan Cruz R\u00edos,\nindic\u00f3 que la base sindical no est\u00e1 dispuesta a soportar m\u00e1s la mala actitud y\nel maltrato que ejerce la funcionaria, siendo este el principal motivo para\nexigir su remoci\u00f3n, toda vez que la acusan incluso de violentar los derechos\nsindicales de la base trabajadora.<\/p>\n\n\n\n<p>Record\u00f3 que desde el pasado 20 de\nfebrero&nbsp; cerraron -de forma moment\u00e1nea-\nlas instalaciones de la dependencia ubicadas en el Centro Hist\u00f3rico para exigir\nla salida de Pe\u00f1a Bur\u00f3n debido a una problem\u00e1tica que no es nueva y por el\ncontrario lleva meses, mismos en los que la han hecho de conocimiento de las\nautoridades, quienes pese a la existencia de un primer compromiso no han\ncumplido.<\/p>\n\n\n\n<p>Cruz R\u00edos lament\u00f3 que pese al acuerdo\ncon las autoridades que se dio en el marco de su protesta del 30 de enero,\nestas a\u00fan no lo hagan efectivo ocasionando que la protesta contin\u00fae y se\nradicalice en perjuicio de cientos de personas usuarias de los servicios de\nsalud.<\/p>\n","protected":false},"excerpt":{"rendered":"<p>Evlin Arag\u00f3n\/Zona Roja. Oaxaca de Ju\u00e1rez, Oax., 27 de febrero de 2020.- Personal adherido a&hellip;<\/p>\n","protected":false},"author":2,"featured_media":9246,"comment_status":"closed","ping_status":"open","sticky":false,"template":"","format":"standard","meta":{"_lmt_disableupdate":"","_lmt_disable":"","_jetpack_memberships_contains_paid_content":false,"footnotes":""},"categories":[109,47],"tags":[1005],"class_list":["post-9243","post","type-post","status-publish","format-standard","has-post-thumbnail","hentry","category-minuto-a-minuto","category-zona-gris","tag-servicios-de-salud-de-oaxaca-sso"],"jetpack_featured_media_url":"https:\/\/zonaroja.com.mx\/wp-content\/uploads\/2020\/02\/bb8c3fd9-1593-444e-be2f-c13467312b65.jpg","jetpack_sharing_enabled":true,"_links":{"self":[{"href":"https:\/\/zonaroja.com.mx\/index.php?rest_route=\/wp\/v2\/posts\/9243","targetHints":{"allow":["GET"]}}],"collection":[{"href":"https:\/\/zonaroja.com.mx\/index.php?rest_route=\/wp\/v2\/posts"}],"about":[{"href":"https:\/\/zonaroja.com.mx\/index.php?rest_route=\/wp\/v2\/types\/post"}],"author":[{"embeddable":true,"href":"https:\/\/zonaroja.com.mx\/index.php?rest_route=\/wp\/v2\/users\/2"}],"replies":[{"embeddable":true,"href":"https:\/\/zonaroja.com.mx\/index.php?rest_route=%2Fwp%2Fv2%2Fcomments&post=9243"}],"version-history":[{"count":1,"href":"https:\/\/zonaroja.com.mx\/index.php?rest_route=\/wp\/v2\/posts\/9243\/revisions"}],"predecessor-version":[{"id":9245,"href":"https:\/\/zonaroja.com.mx\/index.php?rest_route=\/wp\/v2\/posts\/9243\/revisions\/9245"}],"wp:featuredmedia":[{"embeddable":true,"href":"https:\/\/zonaroja.com.mx\/index.php?rest_route=\/wp\/v2\/media\/9246"}],"wp:attachment":[{"href":"https:\/\/zonaroja.com.mx\/index.php?rest_route=%2Fwp%2Fv2%2Fmedia&parent=9243"}],"wp:term":[{"taxonomy":"category","embeddable":true,"href":"https:\/\/zonaroja.com.mx\/index.php?rest_route=%2Fwp%2Fv2%2Fcategories&post=9243"},{"taxonomy":"post_tag","embeddable":true,"href":"https:\/\/zonaroja.com.mx\/index.php?rest_route=%2Fwp%2Fv2%2Ftags&post=9243"}],"curies":[{"name":"wp","href":"https:\/\/api.w.org\/{rel}","templated":true}]}}