{"id":92585,"date":"2026-04-23T14:48:36","date_gmt":"2026-04-23T20:48:36","guid":{"rendered":"https:\/\/zonaroja.com.mx\/?p=92585"},"modified":"2026-04-23T14:48:38","modified_gmt":"2026-04-23T20:48:38","slug":"aumentan-amenazas-de-tiroteos-en-escuelas-de-oaxaca-son-falsas-alarmas-gobierno","status":"publish","type":"post","link":"https:\/\/zonaroja.com.mx\/?p=92585","title":{"rendered":"Aumentan amenazas de tiroteos en escuelas de Oaxaca; son falsas alarmas: gobierno"},"content":{"rendered":"\n<p>Lisbeth Mej\u00eda Reyes\/Zona Roja.<\/p>\n\n\n\n<p>Oaxaca, Oax., a 23 de abril de 2026.- Las amenazas de tiroteos en escuelas p\u00fablicas del estado de Oaxaca han aumentado en las \u00faltimas semanas.&nbsp;<\/p>\n\n\n\n<p>La reciente advertencia fue realizada este jueves en los sanitarios del Colegio de Bachilleres del Estado de Oaxaca (Cobao), plantel Pueblo Nuevo, en la capital.<\/p>\n\n\n\n<p>El mensaje fechado el 23 de abril llama a no acudir el viernes, advirtiendo actos violentos.&nbsp;<\/p>\n\n\n\n<p>Esta misma semana, el d\u00eda 21, se difundi\u00f3 una amenaza en el Centro de Bachillerato Tecnol\u00f3gico Industrial y de Servicios (CBTIS) 26, en la avenida San Felipe, tambi\u00e9n de la ciudad de Oaxaca.&nbsp;<\/p>\n\n\n\n<p>La amenaza oblig\u00f3 a la direcci\u00f3n a suspender clases y a impedir el ingreso de botellas de alcohol, armas y estupefacientes.<\/p>\n\n\n\n<p>Antes del COBAO de Pueblo Nuevo, en este mismo sistema educativo se registr\u00f3 una amenaza similar en marzo de 2023, en el plantel El Espinal.<\/p>\n\n\n\n<p>En el pa\u00eds tambi\u00e9n se ha generado temor a ra\u00edz de hechos violentos en escuelas p\u00fablicas. El pasado mes de marzo, un adolescente de 15 a\u00f1os asesin\u00f3 a balazos a dos profesoras de una preparatoria de L\u00e1zaro C\u00e1rdenas, Michoac\u00e1n.<\/p>\n\n\n\n<p>En septiembre de 2025, ocurri\u00f3 otro ataque armado por parte de un estudiante de 19 a\u00f1os en el Colegio de Ciencias y Humanidades (CCH) Sur de la Universidad Nacional Aut\u00f3noma de M\u00e9xico (UNAM), en la capital del pa\u00eds. El joven acab\u00f3 con la vida de un con e hiri\u00f3 a un trabajador.<\/p>\n\n\n\n<p>SON RUMORES<\/p>\n\n\n\n<p>Sin embargo, tras la difusi\u00f3n de la amenaza en el Cobao de Pueblo Nuevo y otras recientes en la entidad, el Gabinete de Seguridad y la Fiscal\u00eda General del Estado de Oaxaca (FGEO) han asegurado que se trata de falsas alarmas.<\/p>\n\n\n\n<p>\u00abQueremos ser enf\u00e1ticos con la poblaci\u00f3n: no hay motivo para el p\u00e1nico. Las corporaciones policiales han atendido de manera inmediata y puntual cada uno de los reportes emitidos por las instituciones educativas. Tras las inspecciones correspondientes, se ha confirmado que se trata de falsas alarmas\u00bb, explicaron mediante un comunicado.<\/p>\n\n\n\n<p>Seg\u00fan la autoridad, estos mensajes \u00abresponden a un fen\u00f3meno de imitaci\u00f3n que se est\u00e1 registrando a nivel nacional, derivado de los lamentables hechos ocurridos recientemente en Teotihuac\u00e1n, donde un ciudadano canadiense perdi\u00f3 la vida\u00bb.<\/p>\n\n\n\n<p>Como en Oaxaca, aseguraron que en otros estados se han difundido mensajes falsos que solamente \u00abbuscan generar miedo\u00bb.<\/p>\n\n\n\n<p>El Gabinete de Seguridad llam\u00f3 de manera urgente a las madres, padres de familia y tutores a colaborar en la prevenci\u00f3n de estas conductas a trav\u00e9s del di\u00e1logo con sus hijas e hijos \u00absobre la gravedad de realizar este tipo de &#8216;bromas&#8217; o amenazas, as\u00ed como las severas consecuencias legales y escolares que conllevan\u00bb.<\/p>\n\n\n\n<p>Tambi\u00e9n pidi\u00f3 revisar las mochilas desde casa y frenar los rumores: \u00abEviten compartir fotograf\u00edas de estos mensajes en redes sociales o grupos de WhatsApp. Si detectan alguna amenaza, rep\u00f3rtenla de inmediato a las autoridades escolares y al n\u00famero de emergencias 9-1-1 del C5i\u201d.<\/p>\n\n\n\n<p>En tanto, al t\u00e9rmino de una actividad en el centro de la ciudad de Oaxaca, fue entrevistado el gobernador de Oaxaca, Salom\u00f3n Jara Cruz, quien igualmente desminti\u00f3 las amenazas y pidi\u00f3 a la sociedad y a la poblaci\u00f3n estudiantil mantener la calma.<\/p>\n","protected":false},"excerpt":{"rendered":"<p>Lisbeth Mej\u00eda Reyes\/Zona Roja. Oaxaca, Oax., a 23 de abril de 2026.- Las amenazas de&hellip;<\/p>\n","protected":false},"author":2,"featured_media":92587,"comment_status":"closed","ping_status":"open","sticky":false,"template":"","format":"standard","meta":{"_lmt_disableupdate":"","_lmt_disable":"","_jetpack_memberships_contains_paid_content":false,"footnotes":""},"categories":[109,47],"tags":[4772],"class_list":["post-92585","post","type-post","status-publish","format-standard","has-post-thumbnail","hentry","category-minuto-a-minuto","category-zona-gris","tag-amenazas-de-tiroteo-oaxaca"],"jetpack_featured_media_url":"https:\/\/zonaroja.com.mx\/wp-content\/uploads\/2026\/04\/Amenazas-de-tiroteo-Oaxaca.jpg","jetpack_sharing_enabled":true,"_links":{"self":[{"href":"https:\/\/zonaroja.com.mx\/index.php?rest_route=\/wp\/v2\/posts\/92585","targetHints":{"allow":["GET"]}}],"collection":[{"href":"https:\/\/zonaroja.com.mx\/index.php?rest_route=\/wp\/v2\/posts"}],"about":[{"href":"https:\/\/zonaroja.com.mx\/index.php?rest_route=\/wp\/v2\/types\/post"}],"author":[{"embeddable":true,"href":"https:\/\/zonaroja.com.mx\/index.php?rest_route=\/wp\/v2\/users\/2"}],"replies":[{"embeddable":true,"href":"https:\/\/zonaroja.com.mx\/index.php?rest_route=%2Fwp%2Fv2%2Fcomments&post=92585"}],"version-history":[{"count":1,"href":"https:\/\/zonaroja.com.mx\/index.php?rest_route=\/wp\/v2\/posts\/92585\/revisions"}],"predecessor-version":[{"id":92588,"href":"https:\/\/zonaroja.com.mx\/index.php?rest_route=\/wp\/v2\/posts\/92585\/revisions\/92588"}],"wp:featuredmedia":[{"embeddable":true,"href":"https:\/\/zonaroja.com.mx\/index.php?rest_route=\/wp\/v2\/media\/92587"}],"wp:attachment":[{"href":"https:\/\/zonaroja.com.mx\/index.php?rest_route=%2Fwp%2Fv2%2Fmedia&parent=92585"}],"wp:term":[{"taxonomy":"category","embeddable":true,"href":"https:\/\/zonaroja.com.mx\/index.php?rest_route=%2Fwp%2Fv2%2Fcategories&post=92585"},{"taxonomy":"post_tag","embeddable":true,"href":"https:\/\/zonaroja.com.mx\/index.php?rest_route=%2Fwp%2Fv2%2Ftags&post=92585"}],"curies":[{"name":"wp","href":"https:\/\/api.w.org\/{rel}","templated":true}]}}