{"id":92611,"date":"2026-04-24T10:15:00","date_gmt":"2026-04-24T16:15:00","guid":{"rendered":"https:\/\/zonaroja.com.mx\/?p=92611"},"modified":"2026-04-24T07:27:35","modified_gmt":"2026-04-24T13:27:35","slug":"suma-esfuerzos-poder-judicial-para-fortalecer-la-capacitacion-municipal","status":"publish","type":"post","link":"https:\/\/zonaroja.com.mx\/?p=92611","title":{"rendered":"Suma esfuerzos Poder Judicial para fortalecer la capacitaci\u00f3n municipal"},"content":{"rendered":"\n<p>Redacci\u00f3n\/Zona Roja.&nbsp;<\/p>\n\n\n\n<p>Oaxaca,&nbsp;Oax.,&nbsp;a 24&nbsp;de abril de 2026.-&nbsp;El Poder Judicial del Estado de Oaxaca, en coordinaci\u00f3n con el Gobierno del Estado de Oaxaca, a trav\u00e9s del Secretariado Ejecutivo Oaxaca y la Secretar\u00eda de las Mujeres, present\u00f3 en la ciudad de San Juan Bautista Tuxtepec la Estrategia \u201cFortalecimiento Municipal y Seguridad Ciudadana\u201d, dirigida a autoridades municipales y cuerpos de seguridad p\u00fablica.<\/p>\n\n\n\n<p>Durante&nbsp;su mensaje, la&nbsp;magistrada presidenta&nbsp;Erika Mar\u00eda Rodr\u00edguez enfatiz\u00f3 que&nbsp;este esfuerzo conjunto&nbsp;busca dotar a las autoridades locales de herramientas pr\u00e1cticas para atender problem\u00e1ticas como la violencia de g\u00e9nero, la emisi\u00f3n de \u00f3rdenes de protecci\u00f3n y la alerta de g\u00e9nero, adem\u00e1s de fortalecer el enfoque de derechos humanos.&nbsp;<\/p>\n\n\n\n<p>En el&nbsp;encuentro, que tuvo como sede el&nbsp;auditorio de la Casa de la Cultura \u201cV\u00edctor Bravo&nbsp;Ahuja\u201d,&nbsp;se\u00f1al\u00f3 que no basta con aplicar la ley de forma aislada, sino que es necesario comprender los contextos sociales y culturales de cada regi\u00f3n para generar respuestas m\u00e1s humanas, eficaces y cercanas a la realidad comunitaria.<\/p>\n\n\n\n<p>Asimismo, convoc\u00f3&nbsp;a fortalecer los mecanismos alternativos de soluci\u00f3n de conflictos como una v\u00eda m\u00e1s \u00e1gil y comunitaria para atender problemas sin saturar los tribunales, y anunci\u00f3 la implementaci\u00f3n de un diplomado gratuito para autoridades municipales.&nbsp;<\/p>\n\n\n\n<p>En este marco,&nbsp;acompa\u00f1ada de la secretaria ejecutiva del Sistema Estatal de Seguridad P\u00fablica, Natalia Karina Bar\u00f3n Ortiz; la subsecretaria de Fortalecimiento Municipal, Mar\u00eda Fernanda Barbosa Sosa, la secretaria de las Mujeres, Rogelia Gonz\u00e1lez Luis, entre otras autoridades,&nbsp;realiz\u00f3 la entrega simb\u00f3lica del \u201cManual del&nbsp;Alcalde&nbsp;2026\u201d, como parte del fortalecimiento de capacidades para la gesti\u00f3n local.<\/p>\n","protected":false},"excerpt":{"rendered":"<p>Redacci\u00f3n\/Zona Roja.&nbsp; Oaxaca,&nbsp;Oax.,&nbsp;a 24&nbsp;de abril de 2026.-&nbsp;El Poder Judicial del Estado de Oaxaca, en coordinaci\u00f3n&hellip;<\/p>\n","protected":false},"author":2,"featured_media":92612,"comment_status":"closed","ping_status":"open","sticky":false,"template":"","format":"standard","meta":{"_lmt_disableupdate":"","_lmt_disable":"","_jetpack_memberships_contains_paid_content":false,"footnotes":""},"categories":[109,46],"tags":[223],"class_list":["post-92611","post","type-post","status-publish","format-standard","has-post-thumbnail","hentry","category-minuto-a-minuto","category-zona-blanca","tag-poder-judicial-de-oaxaca"],"jetpack_featured_media_url":"https:\/\/zonaroja.com.mx\/wp-content\/uploads\/2026\/04\/Capacitacion-Poder-Judicial-Tuxtepec.jpg","jetpack_sharing_enabled":true,"_links":{"self":[{"href":"https:\/\/zonaroja.com.mx\/index.php?rest_route=\/wp\/v2\/posts\/92611","targetHints":{"allow":["GET"]}}],"collection":[{"href":"https:\/\/zonaroja.com.mx\/index.php?rest_route=\/wp\/v2\/posts"}],"about":[{"href":"https:\/\/zonaroja.com.mx\/index.php?rest_route=\/wp\/v2\/types\/post"}],"author":[{"embeddable":true,"href":"https:\/\/zonaroja.com.mx\/index.php?rest_route=\/wp\/v2\/users\/2"}],"replies":[{"embeddable":true,"href":"https:\/\/zonaroja.com.mx\/index.php?rest_route=%2Fwp%2Fv2%2Fcomments&post=92611"}],"version-history":[{"count":1,"href":"https:\/\/zonaroja.com.mx\/index.php?rest_route=\/wp\/v2\/posts\/92611\/revisions"}],"predecessor-version":[{"id":92613,"href":"https:\/\/zonaroja.com.mx\/index.php?rest_route=\/wp\/v2\/posts\/92611\/revisions\/92613"}],"wp:featuredmedia":[{"embeddable":true,"href":"https:\/\/zonaroja.com.mx\/index.php?rest_route=\/wp\/v2\/media\/92612"}],"wp:attachment":[{"href":"https:\/\/zonaroja.com.mx\/index.php?rest_route=%2Fwp%2Fv2%2Fmedia&parent=92611"}],"wp:term":[{"taxonomy":"category","embeddable":true,"href":"https:\/\/zonaroja.com.mx\/index.php?rest_route=%2Fwp%2Fv2%2Fcategories&post=92611"},{"taxonomy":"post_tag","embeddable":true,"href":"https:\/\/zonaroja.com.mx\/index.php?rest_route=%2Fwp%2Fv2%2Ftags&post=92611"}],"curies":[{"name":"wp","href":"https:\/\/api.w.org\/{rel}","templated":true}]}}