{"id":92618,"date":"2026-04-24T12:12:00","date_gmt":"2026-04-24T18:12:00","guid":{"rendered":"https:\/\/zonaroja.com.mx\/?p=92618"},"modified":"2026-04-24T08:16:20","modified_gmt":"2026-04-24T14:16:20","slug":"alista-oaxaca-agenda-de-promocion-para-el-tianguis-turistico-2026","status":"publish","type":"post","link":"https:\/\/zonaroja.com.mx\/?p=92618","title":{"rendered":"Alista Oaxaca agenda de promoci\u00f3n para el Tianguis Tur\u00edstico 2026\u00a0"},"content":{"rendered":"\n<p>Redacci\u00f3n\/Zona Roja.<\/p>\n\n\n\n<p>Oaxaca, Oax., a 24 de abril de 2026.- Con una agenda de citas de negocios, reuniones con aliados comerciales, activaciones gastron\u00f3micas y culturales, Oaxaca llegar\u00e1 a la edici\u00f3n 50 del Tianguis Tur\u00edstico de M\u00e9xico 2026, que se llevar\u00e1 a cabo en Acapulco, Guerrero, del 27 al 30 de abril; inform\u00f3 la Secretar\u00eda de Turismo del Estado.&nbsp;<\/p>\n\n\n\n<p>A trav\u00e9s de una comitiva de m\u00e1s de 150 personas, se promover\u00e1 la oferta tur\u00edstica a trav\u00e9s de un stand de 432 metros cuadrados.&nbsp;<\/p>\n\n\n\n<p>La dependencia resalt\u00f3 que se promocionar\u00e1 la gastronom\u00eda con el evento \u201cLa Tlayudiza\u201d; y la riqueza cultural, en el escaparate de la Sectur Federal \u201cVentana a M\u00e9xico\u201d. Adem\u00e1s, se atender\u00e1 una agenda de trabajo junto a la Uni\u00f3n de Secretarias y Secretarios de Turismo de M\u00e9xico (Asetur).<\/p>\n\n\n\n<p>Por otra parte, se realizar\u00e1 la presentaci\u00f3n de los Pueblos Mancomunados como Destino Tur\u00edstico Comunitario, y de siete experiencias de este segmento de poblaciones como Ixtl\u00e1n de Ju\u00e1rez, Capul\u00e1lpam de M\u00e9ndez, entre otros.&nbsp;<\/p>\n\n\n\n<p>Participar\u00e1n autoridades y personas prestadoras de servicios tur\u00edsticos de los destinos de Oaxaca de Ju\u00e1rez, Bah\u00edas de Huatulco y Puerto Escondido; as\u00ed como de San Pablo Villa de Mitla, Santa Mar\u00eda Tonameca, Heroica Ciudad de Huajuapan de Le\u00f3n y San Pedro Pochutla.&nbsp;<\/p>\n\n\n\n<p>Adem\u00e1s de representantes de Rutas Tur\u00edsticas y Pueblos M\u00e1gicos, personas expositoras de gastronom\u00eda, de arte popular y de mezcal.&nbsp;<\/p>\n","protected":false},"excerpt":{"rendered":"<p>Redacci\u00f3n\/Zona Roja. Oaxaca, Oax., a 24 de abril de 2026.- Con una agenda de citas&hellip;<\/p>\n","protected":false},"author":2,"featured_media":92620,"comment_status":"closed","ping_status":"open","sticky":false,"template":"","format":"standard","meta":{"_lmt_disableupdate":"","_lmt_disable":"","_jetpack_memberships_contains_paid_content":false,"footnotes":""},"categories":[109,46],"tags":[1031],"class_list":["post-92618","post","type-post","status-publish","format-standard","has-post-thumbnail","hentry","category-minuto-a-minuto","category-zona-blanca","tag-secretaria-de-turismo-oaxaca"],"jetpack_featured_media_url":"https:\/\/zonaroja.com.mx\/wp-content\/uploads\/2026\/04\/Ciudad-de-Oaxaca.jpg","jetpack_sharing_enabled":true,"_links":{"self":[{"href":"https:\/\/zonaroja.com.mx\/index.php?rest_route=\/wp\/v2\/posts\/92618","targetHints":{"allow":["GET"]}}],"collection":[{"href":"https:\/\/zonaroja.com.mx\/index.php?rest_route=\/wp\/v2\/posts"}],"about":[{"href":"https:\/\/zonaroja.com.mx\/index.php?rest_route=\/wp\/v2\/types\/post"}],"author":[{"embeddable":true,"href":"https:\/\/zonaroja.com.mx\/index.php?rest_route=\/wp\/v2\/users\/2"}],"replies":[{"embeddable":true,"href":"https:\/\/zonaroja.com.mx\/index.php?rest_route=%2Fwp%2Fv2%2Fcomments&post=92618"}],"version-history":[{"count":1,"href":"https:\/\/zonaroja.com.mx\/index.php?rest_route=\/wp\/v2\/posts\/92618\/revisions"}],"predecessor-version":[{"id":92621,"href":"https:\/\/zonaroja.com.mx\/index.php?rest_route=\/wp\/v2\/posts\/92618\/revisions\/92621"}],"wp:featuredmedia":[{"embeddable":true,"href":"https:\/\/zonaroja.com.mx\/index.php?rest_route=\/wp\/v2\/media\/92620"}],"wp:attachment":[{"href":"https:\/\/zonaroja.com.mx\/index.php?rest_route=%2Fwp%2Fv2%2Fmedia&parent=92618"}],"wp:term":[{"taxonomy":"category","embeddable":true,"href":"https:\/\/zonaroja.com.mx\/index.php?rest_route=%2Fwp%2Fv2%2Fcategories&post=92618"},{"taxonomy":"post_tag","embeddable":true,"href":"https:\/\/zonaroja.com.mx\/index.php?rest_route=%2Fwp%2Fv2%2Ftags&post=92618"}],"curies":[{"name":"wp","href":"https:\/\/api.w.org\/{rel}","templated":true}]}}