{"id":92632,"date":"2026-04-24T20:01:15","date_gmt":"2026-04-25T02:01:15","guid":{"rendered":"https:\/\/zonaroja.com.mx\/?p=92632"},"modified":"2026-04-24T20:01:18","modified_gmt":"2026-04-25T02:01:18","slug":"la-scjn-frena-deuda-del-issste-y-desata-polemica-por-conflicto-de-interes","status":"publish","type":"post","link":"https:\/\/zonaroja.com.mx\/?p=92632","title":{"rendered":"La SCJN frena deuda del ISSSTE y desata pol\u00e9mica por conflicto de inter\u00e9s"},"content":{"rendered":"\n<p>Redacci\u00f3n\/Zona Roja Cdmx.<\/p>\n\n\n\n<p>(Informaci\u00f3n de \u201cEnfoque\u201d)<\/p>\n\n\n\n<p>Ciudad de M\u00e9xico, a 24 de abril de 2026.- La Suprema Corte de Justicia de la Naci\u00f3n (SCJN) aprob\u00f3 frenar el cobro de 5 mil 810 millones de pesos que el gobierno de la Ciudad de M\u00e9xico reclamaba al ISSSTE por impuestos locales, tras avalar un proyecto presentado por la ministra Lenia Batres.<\/p>\n\n\n\n<p>Con seis votos a favor y uno en contra, el m\u00e1ximo tribunal concedi\u00f3 un amparo al Instituto de Seguridad y Servicios Sociales de los Trabajadores del Estado, lo que obliga a que un tribunal colegiado recalcule la deuda, con posibilidad de reducir significativamente el monto.<\/p>\n\n\n\n<p>El adeudo deriva de impuestos como predial, n\u00f3mina y agua correspondientes al periodo 2009-2013.<\/p>\n\n\n\n<p>Durante la discusi\u00f3n, Lenia Batres sostuvo que el cobro total podr\u00eda afectar gravemente las finanzas del ISSSTE, incluso comprometiendo servicios m\u00e9dicos, pensiones y prestaciones.<\/p>\n\n\n\n<p>La ministra argument\u00f3 que los bienes del instituto forman parte del dominio p\u00fablico, por lo que estar\u00edan exentos de contribuciones locales, conforme a la Constituci\u00f3n.<\/p>\n\n\n\n<p>El fallo gener\u00f3 pol\u00e9mica debido a que la ministra Lenia Batres es hermana de Mart\u00ed Batres, actual director del ISSSTE, instituci\u00f3n beneficiada por la resoluci\u00f3n.<\/p>\n\n\n\n<p>Antes de la votaci\u00f3n, el presidente de la Corte solicit\u00f3 retirar el proyecto para analizar un posible conflicto de inter\u00e9s, pero la ministra rechaz\u00f3 la petici\u00f3n y defendi\u00f3 que el caso deb\u00eda resolverse en esa sesi\u00f3n.<\/p>\n\n\n\n<p>El v\u00ednculo familiar y la decisi\u00f3n de continuar con la discusi\u00f3n han generado cuestionamientos sobre la imparcialidad del proceso judicial.<\/p>\n\n\n\n<p>El caso abri\u00f3 un debate interno en la Corte sobre criterios de \u00e9tica judicial y posibles impedimentos, ya que la ley contempla restricciones cuando existen relaciones personales que puedan influir en una resoluci\u00f3n.<\/p>\n\n\n\n<p>No obstante, la mayor\u00eda de ministros respald\u00f3 el proyecto, permitiendo que avanzara la resoluci\u00f3n a favor del ISSSTE.<\/p>\n\n\n\n<p>La decisi\u00f3n tiene implicaciones relevantes:<\/p>\n\n\n\n<p>Reduce la presi\u00f3n financiera sobre el ISSSTE, organismo clave en servicios de salud y pensiones<\/p>\n\n\n\n<p>Afecta las finanzas de la Ciudad de M\u00e9xico, que reclamaba el pago millonario<\/p>\n\n\n\n<p>Coloca bajo escrutinio a la SCJN por posibles conflictos de inter\u00e9s<\/p>\n\n\n\n<p>El caso continuar\u00e1 en tribunales, donde se determinar\u00e1 el monto final que el ISSSTE deber\u00e1 pagar.<\/p>\n","protected":false},"excerpt":{"rendered":"<p>Redacci\u00f3n\/Zona Roja Cdmx. (Informaci\u00f3n de \u201cEnfoque\u201d) Ciudad de M\u00e9xico, a 24 de abril de 2026.-&hellip;<\/p>\n","protected":false},"author":2,"featured_media":92633,"comment_status":"closed","ping_status":"open","sticky":false,"template":"","format":"standard","meta":{"_lmt_disableupdate":"","_lmt_disable":"","_jetpack_memberships_contains_paid_content":false,"footnotes":""},"categories":[109,47],"tags":[4307,2878],"class_list":["post-92632","post","type-post","status-publish","format-standard","has-post-thumbnail","hentry","category-minuto-a-minuto","category-zona-gris","tag-lenia-batres","tag-suprema-corte-de-justicia-de-la-nacion-scjn"],"jetpack_featured_media_url":"https:\/\/zonaroja.com.mx\/wp-content\/uploads\/2026\/04\/Lenia-Batres-y-Marti-Batres.jpg","jetpack_sharing_enabled":true,"_links":{"self":[{"href":"https:\/\/zonaroja.com.mx\/index.php?rest_route=\/wp\/v2\/posts\/92632","targetHints":{"allow":["GET"]}}],"collection":[{"href":"https:\/\/zonaroja.com.mx\/index.php?rest_route=\/wp\/v2\/posts"}],"about":[{"href":"https:\/\/zonaroja.com.mx\/index.php?rest_route=\/wp\/v2\/types\/post"}],"author":[{"embeddable":true,"href":"https:\/\/zonaroja.com.mx\/index.php?rest_route=\/wp\/v2\/users\/2"}],"replies":[{"embeddable":true,"href":"https:\/\/zonaroja.com.mx\/index.php?rest_route=%2Fwp%2Fv2%2Fcomments&post=92632"}],"version-history":[{"count":1,"href":"https:\/\/zonaroja.com.mx\/index.php?rest_route=\/wp\/v2\/posts\/92632\/revisions"}],"predecessor-version":[{"id":92634,"href":"https:\/\/zonaroja.com.mx\/index.php?rest_route=\/wp\/v2\/posts\/92632\/revisions\/92634"}],"wp:featuredmedia":[{"embeddable":true,"href":"https:\/\/zonaroja.com.mx\/index.php?rest_route=\/wp\/v2\/media\/92633"}],"wp:attachment":[{"href":"https:\/\/zonaroja.com.mx\/index.php?rest_route=%2Fwp%2Fv2%2Fmedia&parent=92632"}],"wp:term":[{"taxonomy":"category","embeddable":true,"href":"https:\/\/zonaroja.com.mx\/index.php?rest_route=%2Fwp%2Fv2%2Fcategories&post=92632"},{"taxonomy":"post_tag","embeddable":true,"href":"https:\/\/zonaroja.com.mx\/index.php?rest_route=%2Fwp%2Fv2%2Ftags&post=92632"}],"curies":[{"name":"wp","href":"https:\/\/api.w.org\/{rel}","templated":true}]}}