{"id":92665,"date":"2026-04-25T20:19:06","date_gmt":"2026-04-26T02:19:06","guid":{"rendered":"https:\/\/zonaroja.com.mx\/?p=92665"},"modified":"2026-04-25T20:19:09","modified_gmt":"2026-04-26T02:19:09","slug":"no-pagaba-pension-de-su-hijo-desde-hace-cinco-anos-ya-fue-detenido","status":"publish","type":"post","link":"https:\/\/zonaroja.com.mx\/?p=92665","title":{"rendered":"No pagaba pensi\u00f3n de su hijo desde hace cinco a\u00f1os; ya fue detenido\u00a0"},"content":{"rendered":"\n<p>Redacci\u00f3n\/Zona Roja.<\/p>\n\n\n\n<p>Oaxaca, Oaxaca. a 25 de abril de 2026.- La Fiscal\u00eda General del Estado de Oaxaca (FGEO) ejecut\u00f3 una orden de aprehensi\u00f3n en contra de una persona del sexo masculino identificado como L.M.M.B., por&nbsp; su probable responsabilidad en el delito de incumplimiento de obligaciones alimentarias, en la regi\u00f3n de la Costa.<\/p>\n\n\n\n<p>De acuerdo con el expediente penal L.M.M.B., fue detenido en inmediaciones del Hospital B\u00e1sico Comunitario del municipio de Santa Catarina Juquila, Oaxaca.<\/p>\n\n\n\n<p>La investigaci\u00f3n del caso detalla que, los hechos se derivan de un proceso legal iniciado en el a\u00f1o 2020, relacionado con la guarda y custodia de un menor de edad -cuya identidad est\u00e1 reservada por ley- representado legalmente por su madre.<\/p>\n\n\n\n<p>En dicho proceso, la autoridad judicial determin\u00f3 el pago de una pensi\u00f3n alimenticia de manera quincenal; sin embargo, el hoy detenido presuntamente incumpli\u00f3 con esta obligaci\u00f3n, generando un adeudo acumulado.<\/p>\n\n\n\n<p>Ante estos hechos y tras las investigaciones ministeriales de la Vicefiscal\u00eda Regional de la Costa, la autoridad competente libr\u00f3 la orden de aprehensi\u00f3n correspondiente, la cual fue ejecutada por elementos de la Agencia Estatal de Investigaciones (AEI), quienes realizaron la detenci\u00f3n conforme a los protocolos legales.<\/p>\n\n\n\n<p>Una vez detenido, fue puesto a disposici\u00f3n de la autoridad ministerial correspondiente, quien determinar\u00e1 su situaci\u00f3n jur\u00eddica conforme a derecho.<\/p>\n\n\n\n<p>ACUSADO DE PEDERASTIA<\/p>\n\n\n\n<p>En otro caso, la instituci\u00f3n ejecut\u00f3 una orden de aprehensi\u00f3n que permiti\u00f3 la detenci\u00f3n de un hombre identificado como V.G.H., por su probable responsabilidad en el delito de pederastia, cometido en agravio de una menor de edad, en hechos ocurridos en la regi\u00f3n de la Costa.<\/p>\n\n\n\n<p>De acuerdo con el expediente penal, los hechos se registraron en octubre de 2025, cuando la v\u00edctima, -una ni\u00f1a de 5 a\u00f1os cuya identidad est\u00e1 reservada por ley-, se encontraba en un domicilio ubicado en la localidad de Benito Ju\u00e1rez, en San Pedro Pochutla, propiedad de sus abuelos.<\/p>\n\n\n\n<p>La investigaci\u00f3n revela que, en ese lugar, el agresor se vali\u00f3 de su cercan\u00eda&nbsp;y de la relaci\u00f3n de confianza con la v\u00edctima, para indicarle que se recostara en la cama bajo el pretexto de \u201cjugar\u201d, y con ello, cometer una agresi\u00f3n de car\u00e1cter sexual en su contra.<\/p>\n\n\n\n<p>Tras recibir la denuncia correspondiente, la FGEO inici\u00f3 las investigaciones ministeriales a trav\u00e9s de la Vicefiscal\u00eda Regional de la Costa logrando la obtenci\u00f3n de la orden de aprehensi\u00f3n en contra de V.G.H., quien posteriormente fue puesto a disposici\u00f3n de la autoridad judicial competente para que se determine su situaci\u00f3n legal.<\/p>\n\n\n\n<p>Las primeras indagatorias establecen que el imputado podr\u00eda ser abuelo de la v\u00edctima.<\/p>\n\n\n\n<p>PRESUNTO HOMICIDA<\/p>\n\n\n\n<p>La Fiscal\u00eda General detuvo, por otra parte, a L.C.B., se\u00f1alado por el delito de homicidio calificado con ventaja, cometido en la localidad de La Reforma, perteneciente al municipio de San Juan Bautista Tuxtepec.<\/p>\n\n\n\n<p>Los hechos se registraron el 19 de junio de 2008, cuando la v\u00edctima se encontraba en las canchas de f\u00fatbol de esa comunidad. En ese lugar, un grupo de personas lo atac\u00f3 con un arma corto contundente \u2013 machete-, infligiendo heridas que le causaron la muerte. Tras la agresi\u00f3n, los responsables huyeron del lugar.<\/p>\n\n\n\n<p>Derivado de los trabajos de investigaci\u00f3n, la Vicefiscal\u00eda Regional de la Cuenca logr\u00f3 obtener la orden de aprehensi\u00f3n correspondiente y por medio de un operativo de b\u00fasqueda y localizaci\u00f3n la Agencia Estatal de Investigaciones, ejecut\u00f3 la detenci\u00f3n de L.C.B., quien qued\u00f3 de inmediato a disposici\u00f3n de la autoridad ministerial para la determinaci\u00f3n de su situaci\u00f3n jur\u00eddica.<\/p>\n\n\n\n<p>La FGEO reiter\u00f3 que en todos los casos de alto impacto se aplican los esfuerzos investigativos necesarios que permitan presentar ante la justicia a quien o quienes resulten responsables, y que su compromiso con las v\u00edctimas directas e indirectas de delitos es de brindarles procesos de procuraci\u00f3n de justicia adecuados.&nbsp;<\/p>\n","protected":false},"excerpt":{"rendered":"<p>Redacci\u00f3n\/Zona Roja. Oaxaca, Oaxaca. a 25 de abril de 2026.- La Fiscal\u00eda General del Estado&hellip;<\/p>\n","protected":false},"author":2,"featured_media":92666,"comment_status":"closed","ping_status":"open","sticky":false,"template":"","format":"standard","meta":{"_lmt_disableupdate":"","_lmt_disable":"","_jetpack_memberships_contains_paid_content":false,"footnotes":""},"categories":[109,46],"tags":[494],"class_list":["post-92665","post","type-post","status-publish","format-standard","has-post-thumbnail","hentry","category-minuto-a-minuto","category-zona-blanca","tag-fiscalia-general-del-estado-de-oaxaca"],"jetpack_featured_media_url":"https:\/\/zonaroja.com.mx\/wp-content\/uploads\/2026\/04\/BOLETIN-2395.-Fiscalia-de-Oaxaca-ejecuta-orden-de-aprehension-por-incumplimiento-de-obligaciones-alimentarias-ocurrida-en-la-region-de-la-Costa-1.jpg","jetpack_sharing_enabled":true,"_links":{"self":[{"href":"https:\/\/zonaroja.com.mx\/index.php?rest_route=\/wp\/v2\/posts\/92665","targetHints":{"allow":["GET"]}}],"collection":[{"href":"https:\/\/zonaroja.com.mx\/index.php?rest_route=\/wp\/v2\/posts"}],"about":[{"href":"https:\/\/zonaroja.com.mx\/index.php?rest_route=\/wp\/v2\/types\/post"}],"author":[{"embeddable":true,"href":"https:\/\/zonaroja.com.mx\/index.php?rest_route=\/wp\/v2\/users\/2"}],"replies":[{"embeddable":true,"href":"https:\/\/zonaroja.com.mx\/index.php?rest_route=%2Fwp%2Fv2%2Fcomments&post=92665"}],"version-history":[{"count":1,"href":"https:\/\/zonaroja.com.mx\/index.php?rest_route=\/wp\/v2\/posts\/92665\/revisions"}],"predecessor-version":[{"id":92667,"href":"https:\/\/zonaroja.com.mx\/index.php?rest_route=\/wp\/v2\/posts\/92665\/revisions\/92667"}],"wp:featuredmedia":[{"embeddable":true,"href":"https:\/\/zonaroja.com.mx\/index.php?rest_route=\/wp\/v2\/media\/92666"}],"wp:attachment":[{"href":"https:\/\/zonaroja.com.mx\/index.php?rest_route=%2Fwp%2Fv2%2Fmedia&parent=92665"}],"wp:term":[{"taxonomy":"category","embeddable":true,"href":"https:\/\/zonaroja.com.mx\/index.php?rest_route=%2Fwp%2Fv2%2Fcategories&post=92665"},{"taxonomy":"post_tag","embeddable":true,"href":"https:\/\/zonaroja.com.mx\/index.php?rest_route=%2Fwp%2Fv2%2Ftags&post=92665"}],"curies":[{"name":"wp","href":"https:\/\/api.w.org\/{rel}","templated":true}]}}