{"id":92671,"date":"2026-04-26T07:45:00","date_gmt":"2026-04-26T13:45:00","guid":{"rendered":"https:\/\/zonaroja.com.mx\/?p=92671"},"modified":"2026-04-26T06:37:40","modified_gmt":"2026-04-26T12:37:40","slug":"detienen-a-individuo-que-asesino-y-enterro-clandestinamente-a-su-madre","status":"publish","type":"post","link":"https:\/\/zonaroja.com.mx\/?p=92671","title":{"rendered":"Detienen a individuo que asesin\u00f3 y enterr\u00f3 clandestinamente a su madre"},"content":{"rendered":"\n<p>Raymundo Morales\/Zona Roja.<\/p>\n\n\n\n<p>Oaxaca, Oax., a 26 de abril de 2026.- Autoridades policiacas y ministeriales confirmaron la detenci\u00f3n de un individuo que asesin\u00f3 a su madre, la inciner\u00f3 y luego la enterr\u00f3 clandestinamente, en el municipio de San Pedro Tapanatepec, Oaxaca.<\/p>\n\n\n\n<p>El presunto feminicidio ocurri\u00f3 la noche del mi\u00e9rcoles en la comunidad istme\u00f1a de Puerto Paloma, cuando David Z. G. atac\u00f3 a golpes a su madre, por motivos que a\u00fan se desconocen.<\/p>\n\n\n\n<p>Tras ello, por la madrugada llev\u00f3 el cuerpo de su progenitora a un barranco, donde le prendi\u00f3 fuego y posteriormente la enterr\u00f3 clandestinamente; luego regres\u00f3 a su casa como si nada hubiera pasado.<\/p>\n\n\n\n<p>Vecinos de la v\u00edctima alertaron a la polic\u00eda local pero al mismo tiempo pretend\u00edan linchar a David, por lo cual tuvo que ser retenido; posteriormente entreg\u00f3 a personal de la Agencia Estatal de Investigaciones de la Vicefiscal\u00eda Regional del Istmo.<\/p>\n\n\n\n<p>Presuntamente el homicida habr\u00eda estado bajo los influjos del alcohol y de alguna sustancia prohibida; la Vicefiscal\u00eda Regional del Ismo contin\u00faa con las indagatorias correspondientes.<\/p>\n\n\n\n<p>Por otra parte, ayer s\u00e1bado se report\u00f3 en el municipio de Santo Domingo Tehuantepec la existencia de un cuerpo sin vida de una persona que habr\u00eda sido asesinada; tras ello corporaci\u00f3nes policiacas realizaron los patrullajes correspondientes, sin embargo, no hallaron a ning\u00fana v\u00edctima.<\/p>\n","protected":false},"excerpt":{"rendered":"<p>Raymundo Morales\/Zona Roja. Oaxaca, Oax., a 26 de abril de 2026.- Autoridades policiacas y ministeriales&hellip;<\/p>\n","protected":false},"author":2,"featured_media":92673,"comment_status":"closed","ping_status":"open","sticky":false,"template":"","format":"standard","meta":{"_lmt_disableupdate":"","_lmt_disable":"","_jetpack_memberships_contains_paid_content":false,"footnotes":""},"categories":[109,51],"tags":[206],"class_list":["post-92671","post","type-post","status-publish","format-standard","has-post-thumbnail","hentry","category-minuto-a-minuto","category-zona-roja","tag-san-pedro-tapanatepec"],"jetpack_featured_media_url":"https:\/\/zonaroja.com.mx\/wp-content\/uploads\/2026\/04\/Asesinado-a-su-madre-en-Tapanatepec-.jpg","jetpack_sharing_enabled":true,"_links":{"self":[{"href":"https:\/\/zonaroja.com.mx\/index.php?rest_route=\/wp\/v2\/posts\/92671","targetHints":{"allow":["GET"]}}],"collection":[{"href":"https:\/\/zonaroja.com.mx\/index.php?rest_route=\/wp\/v2\/posts"}],"about":[{"href":"https:\/\/zonaroja.com.mx\/index.php?rest_route=\/wp\/v2\/types\/post"}],"author":[{"embeddable":true,"href":"https:\/\/zonaroja.com.mx\/index.php?rest_route=\/wp\/v2\/users\/2"}],"replies":[{"embeddable":true,"href":"https:\/\/zonaroja.com.mx\/index.php?rest_route=%2Fwp%2Fv2%2Fcomments&post=92671"}],"version-history":[{"count":1,"href":"https:\/\/zonaroja.com.mx\/index.php?rest_route=\/wp\/v2\/posts\/92671\/revisions"}],"predecessor-version":[{"id":92674,"href":"https:\/\/zonaroja.com.mx\/index.php?rest_route=\/wp\/v2\/posts\/92671\/revisions\/92674"}],"wp:featuredmedia":[{"embeddable":true,"href":"https:\/\/zonaroja.com.mx\/index.php?rest_route=\/wp\/v2\/media\/92673"}],"wp:attachment":[{"href":"https:\/\/zonaroja.com.mx\/index.php?rest_route=%2Fwp%2Fv2%2Fmedia&parent=92671"}],"wp:term":[{"taxonomy":"category","embeddable":true,"href":"https:\/\/zonaroja.com.mx\/index.php?rest_route=%2Fwp%2Fv2%2Fcategories&post=92671"},{"taxonomy":"post_tag","embeddable":true,"href":"https:\/\/zonaroja.com.mx\/index.php?rest_route=%2Fwp%2Fv2%2Ftags&post=92671"}],"curies":[{"name":"wp","href":"https:\/\/api.w.org\/{rel}","templated":true}]}}