{"id":92675,"date":"2026-04-26T08:44:00","date_gmt":"2026-04-26T14:44:00","guid":{"rendered":"https:\/\/zonaroja.com.mx\/?p=92675"},"modified":"2026-04-26T06:48:06","modified_gmt":"2026-04-26T12:48:06","slug":"entrega-ayuntamiento-reconocimiento-a-ciudadanos-distinguidos","status":"publish","type":"post","link":"https:\/\/zonaroja.com.mx\/?p=92675","title":{"rendered":"Entrega ayuntamiento reconocimiento a ciudadanos distinguidos"},"content":{"rendered":"\n<p>Redacci\u00f3n\/Zona Roja.<\/p>\n\n\n\n<p>Oaxaca, Oax., a 26 de abril de 2026.- El presidente municipal Ray Chagoya, acompa\u00f1ado por el gobernador Salom\u00f3n Jara Cruz, encabez\u00f3 la entrega de distinciones a ciudadanas y ciudadanos oaxaque\u00f1os, reconocidos por su destacada trayectoria y sus valiosas contribuciones al desarrollo y fortalecimiento de Oaxaca de Ju\u00e1rez.<\/p>\n\n\n\n<p>El Cabildo municipal otorg\u00f3, en la categor\u00eda de Oaxaque\u00f1o Inolvidable, un reconocimiento p\u00f3stumo al compositor \u00c1lvaro Carrillo, as\u00ed como a Esteban Sabino Hern\u00e1ndez Salinas, militar y destacado l\u00edder comunitario.<\/p>\n\n\n\n<p>En la categor\u00eda Ciudadanas y Ciudadanos de Antequera, fueron distinguidos Mar\u00eda de la Paz Mart\u00ednez Iturribar\u00eda, Rub\u00e9n Garc\u00eda D\u00edaz y Lilian Alejandra Bustamante Garc\u00eda.<\/p>\n\n\n\n<p>Asimismo, en la categor\u00eda de Visitante Distinguido, se reconoci\u00f3 a Gabriela Cuevas Barr\u00f3n, representante de M\u00e9xico para la Copa Mundial FIFA 2026; a Carmen Esmeralda Gonz\u00e1lez Tapia, presidenta municipal de Cananea, Sonora.<\/p>\n\n\n\n<p>A X\u00f3chitl Flores Jim\u00e9nez, presidenta municipal de Chimalhuac\u00e1n, Estado de M\u00e9xico; as\u00ed como al exfutbolista C\u00e9sar Fabi\u00e1n Delgado Godoy, \u201cEl Chelito\u201d, y a la emprendedora Marisol P\u00e9rez Ruiz.<\/p>\n\n\n\n<p>Por su parte, en la categor\u00eda Diploma al M\u00e9rito Profesional, se entregaron distinciones a Olga Cabrera Oropeza, Erwin Aldair Ruiz Santiago \u201cMextizo Zapoteco\u201d, Isabel Ju\u00e1rez Mej\u00eda, Darwin Mej\u00eda Ranzahuer, Paul Israel Lara P\u00e9rez, Gilda Andrea Hern\u00e1ndez Ram\u00edrez, Heriberto Cirilo Jim\u00e9nez Luna, Luz Mar\u00eda Hern\u00e1ndez Cruz, V\u00edctor Manuel D\u00edaz G\u00f3mez, Cecilia Flores Ram\u00edrez y Carlos Maximiano Luis Valle.<\/p>\n\n\n\n<p>En este marco, Ray Chagoya reconoci\u00f3 que, gracias al trabajo en equipo con el Gobierno del Estado y la Federaci\u00f3n, la capital avanza en su desarrollo para seguir consolid\u00e1ndose como un lugar seguro y limpio para sus vecinas y vecinos.<\/p>\n\n\n\n<p>La sesi\u00f3n solemne se efectu\u00f3 en el marco del 494 aniversario de la elevaci\u00f3n de Villa de Antequera al rango de ciudad, cuyas actividades iniciaron ayer a temprana hora en la Alameda de Le\u00f3n.<\/p>\n\n\n\n<p>Los chirimiteros anunciaron en lo alto de la Catedral metropolitana el inicio de las fiestas; posteriormente hubo repique de campanas, para dar paso a las tradicionales \u201cMa\u00f1anitas\u201d y un espect\u00e1culo a\u00e9reo y cultural.<\/p>\n\n\n\n<p>En el lugar, el presidente municipal Ray Chagoya y Flavio Sosa Villavicencio, representante del mandatario Salom\u00f3n Jara Cruz y secretario de las Culturas, dieron sus respectivos mensajes alusivos a la conmemoraci\u00f3n.&nbsp;<\/p>\n\n\n\n<figure class=\"wp-block-embed is-type-rich is-provider-twitter wp-block-embed-twitter\"><div class=\"wp-block-embed__wrapper\">\n<div class=\"twitter-tweet\"><blockquote class=\"twitter-tweet\" data-lang=\"es\"><p lang=\"es\" dir=\"ltr\">A la sesi\u00f3n solemne de Cabildo del <a href=\"https:\/\/twitter.com\/MunicipioOaxaca?ref_src=twsrc%5Etfw\">@MunicipioOaxaca<\/a>, con motivo del 494 aniversario de la ciudad, asisti\u00f3 el gobernador <a href=\"https:\/\/twitter.com\/salomonj?ref_src=twsrc%5Etfw\">@salomonj<\/a>.<br>Tras la entrega de reconocimientos a ciudadanos distinguidos, el edil <a href=\"https:\/\/twitter.com\/raychagoya?ref_src=twsrc%5Etfw\">@RayChagoya<\/a> emito su mensaje: <a href=\"https:\/\/t.co\/aYoZS36Np6\">pic.twitter.com\/aYoZS36Np6<\/a><\/p>&mdash; Zona Roja Oaxaca (@ZonaRoja_Oaxaca) <a href=\"https:\/\/twitter.com\/ZonaRoja_Oaxaca\/status\/2048125334663340241?ref_src=twsrc%5Etfw\">25 de abril de 2026<\/a><\/blockquote><\/div>\n<\/div><\/figure>\n","protected":false},"excerpt":{"rendered":"<p>Redacci\u00f3n\/Zona Roja. Oaxaca, Oax., a 26 de abril de 2026.- El presidente municipal Ray Chagoya,&hellip;<\/p>\n","protected":false},"author":2,"featured_media":92676,"comment_status":"closed","ping_status":"open","sticky":false,"template":"","format":"standard","meta":{"_lmt_disableupdate":"","_lmt_disable":"","_jetpack_memberships_contains_paid_content":false,"footnotes":""},"categories":[109,46],"tags":[4403],"class_list":["post-92675","post","type-post","status-publish","format-standard","has-post-thumbnail","hentry","category-minuto-a-minuto","category-zona-blanca","tag-ray-chagoya"],"jetpack_featured_media_url":"https:\/\/zonaroja.com.mx\/wp-content\/uploads\/2026\/04\/Reconocimientos-ciudadanos-distinguidos-Oaxaca.jpeg","jetpack_sharing_enabled":true,"_links":{"self":[{"href":"https:\/\/zonaroja.com.mx\/index.php?rest_route=\/wp\/v2\/posts\/92675","targetHints":{"allow":["GET"]}}],"collection":[{"href":"https:\/\/zonaroja.com.mx\/index.php?rest_route=\/wp\/v2\/posts"}],"about":[{"href":"https:\/\/zonaroja.com.mx\/index.php?rest_route=\/wp\/v2\/types\/post"}],"author":[{"embeddable":true,"href":"https:\/\/zonaroja.com.mx\/index.php?rest_route=\/wp\/v2\/users\/2"}],"replies":[{"embeddable":true,"href":"https:\/\/zonaroja.com.mx\/index.php?rest_route=%2Fwp%2Fv2%2Fcomments&post=92675"}],"version-history":[{"count":1,"href":"https:\/\/zonaroja.com.mx\/index.php?rest_route=\/wp\/v2\/posts\/92675\/revisions"}],"predecessor-version":[{"id":92677,"href":"https:\/\/zonaroja.com.mx\/index.php?rest_route=\/wp\/v2\/posts\/92675\/revisions\/92677"}],"wp:featuredmedia":[{"embeddable":true,"href":"https:\/\/zonaroja.com.mx\/index.php?rest_route=\/wp\/v2\/media\/92676"}],"wp:attachment":[{"href":"https:\/\/zonaroja.com.mx\/index.php?rest_route=%2Fwp%2Fv2%2Fmedia&parent=92675"}],"wp:term":[{"taxonomy":"category","embeddable":true,"href":"https:\/\/zonaroja.com.mx\/index.php?rest_route=%2Fwp%2Fv2%2Fcategories&post=92675"},{"taxonomy":"post_tag","embeddable":true,"href":"https:\/\/zonaroja.com.mx\/index.php?rest_route=%2Fwp%2Fv2%2Ftags&post=92675"}],"curies":[{"name":"wp","href":"https:\/\/api.w.org\/{rel}","templated":true}]}}