{"id":92681,"date":"2026-04-26T10:45:00","date_gmt":"2026-04-26T16:45:00","guid":{"rendered":"https:\/\/zonaroja.com.mx\/?p=92681"},"modified":"2026-04-26T06:56:31","modified_gmt":"2026-04-26T12:56:31","slug":"emiten-orden-de-aprehension-contra-profesor-denunciado-por-abuso-sexual-en-cotzocon","status":"publish","type":"post","link":"https:\/\/zonaroja.com.mx\/?p=92681","title":{"rendered":"Emiten orden de aprehensi\u00f3n contra profesor denunciado por abuso sexual en Cotzoc\u00f3n"},"content":{"rendered":"\n<p>Lisbeth Mej\u00eda Reyes\/Zona Roja.<\/p>\n\n\n\n<p>Oaxaca, Oax., a 26 de abril de 2026.- La vicefiscal de la regi\u00f3n Cuenca del Papaloapan, Alejandra Abigail Rodr\u00edguez Trujillo, se\u00f1al\u00f3 que tras la denuncia penal de madres de familia se gir\u00f3 una orden de aprehensi\u00f3n en contra del profesor F. M. G., se\u00f1alado como presunto responsable del delito de abuso sexual en contra de tres ni\u00f1as de la escuela primaria biling\u00fce Mar\u00eda Lombardo, de San Juan Cotzoc\u00f3n, Mixe.<\/p>\n\n\n\n<p>En una entrevista reciente con periodistas de la regi\u00f3n, tras la denuncia p\u00fablica de las madres, la vicefiscal se\u00f1al\u00f3 que el acusado, adherido a la Secci\u00f3n 22 del magisterio oaxaque\u00f1o, probablemente se encuentre en otro estado, pero que se trabaja en su localizaci\u00f3n.<\/p>\n\n\n\n<p>La funcionaria de la Fiscal\u00eda General del Estado tambi\u00e9n inform\u00f3 que se investiga la probable responsabilidad de la directora de la instituci\u00f3n, Amada Montor Hern\u00e1ndez, y del supervisor de la zona escolar, Guillermo Regino Santiago, luego de su omisi\u00f3n ante las denuncias de las madres de familia.<\/p>\n\n\n\n<p>\u00abSe lo hicieron de conocimiento a su directora, a su supervisor escolar y, desgraciadamente, ah\u00ed hubo una omisi\u00f3n que se est\u00e1 investigando\u00bb, explic\u00f3 la funcionaria, al subrayar que en casos de este tipo las autoridades escolares est\u00e1n obligadas a informar a las autoridades de impartici\u00f3n de justicia.<\/p>\n\n\n\n<p>\u00abVa a haber una investigaci\u00f3n exhaustiva de todas las omisiones que hubieron\u00bb, asegur\u00f3.<\/p>\n\n\n\n<p>Fue el pasado 22 de abril cuando tres madres de familia denunciaron p\u00fablicamente al profesor por abusar sexualmente de sus hijas de entre ocho y nueve a\u00f1os de edad.&nbsp;<\/p>\n\n\n\n<p>En reciente conferencia de prensa en la capital, se\u00f1alaron que el presunto responsable tambi\u00e9n prove\u00eda de pornograf\u00eda a los dem\u00e1s estudios, lo que podr\u00eda configurarse como corrupci\u00f3n de menores, explic\u00f3 el activista Joaqu\u00edn Galv\u00e1n, que acompa\u00f1a el caso.<\/p>\n\n\n\n<p>Las madres relataron que la denuncia penal fue hecha el 10 de abril en la vicefiscal\u00eda regional de la Cuenca, dependiente de la Fiscal\u00eda General del Estado de Oaxaca, por lo que exigieron la pronta acci\u00f3n penal en contra del profesor identificado como F\u00e9lix.<\/p>\n\n\n\n<p>Un d\u00eda despu\u00e9s de la denuncia p\u00fablica, el Instituto Estatal de Educaci\u00f3n P\u00fablica de Oaxaca (IEEPO) emiti\u00f3 un comunicado en el que se refiri\u00f3 al actuar del docente como \u00abpresuntas conductas de violencia\u00bb, lo cual tambi\u00e9n fue criticado por la defensa de las madres, ya que minimiza el problema.<\/p>\n\n\n\n<p>En su comunicado, el instituto se\u00f1al\u00f3 que ha iniciado las acciones institucionales correspondientes y que \u00abdar\u00e1 vista a la autoridad competentes en materia penal\u00bb.<\/p>\n\n\n\n<p>Ese mismo d\u00eda, las madres y padres de familia de la primaria volvieron a marchar en su comunidad para exigir justicia por el caso.<\/p>\n\n\n\n<p>Antonieta, madre de una de las v\u00edctimas, cont\u00f3 a nombre de las dem\u00e1s que fue en septiembre de 2025 cuando comenzaron a percatarse de cambios en las conductas de sus hijas, lo cual se agrav\u00f3 y al preguntarles qu\u00e9 ocurr\u00eda les contaron que \u00abel maestro F\u00e9lix M. G. las cargaba sobre sus piernas y usaba sus manos para tocarlas en sus partes \u00edntimas\u00bb.<\/p>\n\n\n\n<p>Como parte de la denuncia p\u00fablica, las madres han exigido la intervenci\u00f3n de Yenny Araceli P\u00e9rez Mart\u00ednez, secretaria general de la Secci\u00f3n 22 del Sindicato Nacional de Trabajadores de la Educaci\u00f3n (SNTE). Adem\u00e1s de la Secretar\u00eda de las Mujeres y del IEEPO, entre otras autoridades e instancias.<\/p>\n","protected":false},"excerpt":{"rendered":"<p>Lisbeth Mej\u00eda Reyes\/Zona Roja. Oaxaca, Oax., a 26 de abril de 2026.- La vicefiscal de&hellip;<\/p>\n","protected":false},"author":2,"featured_media":92682,"comment_status":"closed","ping_status":"open","sticky":false,"template":"","format":"standard","meta":{"_lmt_disableupdate":"","_lmt_disable":"","_jetpack_memberships_contains_paid_content":false,"footnotes":""},"categories":[109,47],"tags":[742,1135],"class_list":["post-92681","post","type-post","status-publish","format-standard","has-post-thumbnail","hentry","category-minuto-a-minuto","category-zona-gris","tag-maria-lombardo-de-caso","tag-san-juan-cotzocon-mixe"],"jetpack_featured_media_url":"https:\/\/zonaroja.com.mx\/wp-content\/uploads\/2026\/04\/Denuncia-abuso-sexual-escuela-Cotzocon-Mixe.jpg","jetpack_sharing_enabled":true,"_links":{"self":[{"href":"https:\/\/zonaroja.com.mx\/index.php?rest_route=\/wp\/v2\/posts\/92681","targetHints":{"allow":["GET"]}}],"collection":[{"href":"https:\/\/zonaroja.com.mx\/index.php?rest_route=\/wp\/v2\/posts"}],"about":[{"href":"https:\/\/zonaroja.com.mx\/index.php?rest_route=\/wp\/v2\/types\/post"}],"author":[{"embeddable":true,"href":"https:\/\/zonaroja.com.mx\/index.php?rest_route=\/wp\/v2\/users\/2"}],"replies":[{"embeddable":true,"href":"https:\/\/zonaroja.com.mx\/index.php?rest_route=%2Fwp%2Fv2%2Fcomments&post=92681"}],"version-history":[{"count":1,"href":"https:\/\/zonaroja.com.mx\/index.php?rest_route=\/wp\/v2\/posts\/92681\/revisions"}],"predecessor-version":[{"id":92683,"href":"https:\/\/zonaroja.com.mx\/index.php?rest_route=\/wp\/v2\/posts\/92681\/revisions\/92683"}],"wp:featuredmedia":[{"embeddable":true,"href":"https:\/\/zonaroja.com.mx\/index.php?rest_route=\/wp\/v2\/media\/92682"}],"wp:attachment":[{"href":"https:\/\/zonaroja.com.mx\/index.php?rest_route=%2Fwp%2Fv2%2Fmedia&parent=92681"}],"wp:term":[{"taxonomy":"category","embeddable":true,"href":"https:\/\/zonaroja.com.mx\/index.php?rest_route=%2Fwp%2Fv2%2Fcategories&post=92681"},{"taxonomy":"post_tag","embeddable":true,"href":"https:\/\/zonaroja.com.mx\/index.php?rest_route=%2Fwp%2Fv2%2Ftags&post=92681"}],"curies":[{"name":"wp","href":"https:\/\/api.w.org\/{rel}","templated":true}]}}