{"id":92689,"date":"2026-04-26T13:45:00","date_gmt":"2026-04-26T19:45:00","guid":{"rendered":"https:\/\/zonaroja.com.mx\/?p=92689"},"modified":"2026-04-26T07:12:25","modified_gmt":"2026-04-26T13:12:25","slug":"exhiben-obras-creadas-en-taller-del-centro-de-las-artes-de-san-agustin","status":"publish","type":"post","link":"https:\/\/zonaroja.com.mx\/?p=92689","title":{"rendered":"Exhiben obras creadas en taller del Centro de las Artes de San Agust\u00edn"},"content":{"rendered":"\n<p>Redacci\u00f3n\/Zona Roja.<\/p>\n\n\n\n<p>Oaxaca, Oax., a 26 de abril de 2026.- &nbsp;El Taller de Afelpado del Centro de las Artes de San Agust\u00edn (CaSa) comenz\u00f3 sus actividades en 2012 por iniciativa del artista Francisco Toledo.&nbsp;<\/p>\n\n\n\n<p>El artista fue comisionado para realizar una serie de piezas para la Biblioteca Personal Carlos Monsiv\u00e1is, que se encuentra dentro de la Biblioteca \u201cJos\u00e9 Vasconcelos\u201d, en la Ciudad de M\u00e9xico.&nbsp;<\/p>\n\n\n\n<p>A partir de esta experiencia, Toledo comenz\u00f3 a realizar piezas explorando la t\u00e9cnica de afelpado, y posteriormente invit\u00f3 a varios artistas a experimentar con creaciones textiles.<\/p>\n\n\n\n<p>La exposici\u00f3n \u201cTexturas y colores. Afelpado en CaSa\u201d, que se inaugur\u00f3 el s\u00e1bado 25 de abril, presenta una muestra de los trabajos que se han realizado en el Taller de Afelpado, desde que abri\u00f3 hace 14 a\u00f1os, hasta la fecha.&nbsp;<\/p>\n\n\n\n<p>Durante este tiempo, el taller se ha dedicado a la producci\u00f3n de piezas textiles elaboradas con la t\u00e9cnica de afelpado con agujas y afelpado en h\u00famedo a partir de fibras de lana de oveja te\u00f1ida con tintes naturales o anilinas.<\/p>\n\n\n\n<p>\u201cEl taller de afelpado contin\u00faa desarrollando el proyecto que Francisco Toledo imagin\u00f3 hace catorce a\u00f1os\u201d, coment\u00f3 Daniel Brena, director general del CaSa. \u201cAgradecemos a todos los que han colaborado con esta iniciativa\u201d.<\/p>\n\n\n\n<p>Durante este tiempo, este espacio se ha establecido como un sitio de experimentaci\u00f3n y colaboraci\u00f3n art\u00edstica, donde los procesos artesanales convergen con las expresiones art\u00edsticas contempor\u00e1neas.&nbsp;<\/p>\n\n\n\n<p>El taller propicia la colaboraci\u00f3n con artistas para crear piezas textiles, que van desde reproducciones de fotograf\u00edas, gr\u00e1fica y dibujo, hasta indumentaria y objetos tridimensionales, entre otros; sumando colaboraciones con casi ochenta artistas nacionales e internacionales.<\/p>\n\n\n\n<p>Actualmente, el taller est\u00e1 integrado por Anah\u00ed Mendoza, Alejandra Salgado, X\u00f3chitl Ruiz, Margarita Ramos, F\u00e1tima Armengol y Blanca Miguel, y es coordinado por Marcela Ortega, en su mayor parte, el equipo del taller se integr\u00f3 cuando Francisco Toledo fund\u00f3 el taller y busc\u00f3 personas pertenecientes a la comunidad de San Agust\u00edn Etla que supieran coser y bordar. Han colaborado con artistas como Jan Hendrix, Francisco Castro Le\u00f1ero, Irma Palacios, Sabino Guisu, para materializar sus propuestas art\u00edsticas.<\/p>\n\n\n\n<p>La exposici\u00f3n que ahora se presenta en el CaSa re\u00fane algunas piezas textiles que se han trabajado en el taller de Afelpado, combinando algunos de los primeros textiles creados en el taller con trabajos hechos recientemente. Se muestra la obra de Francisco Toledo, Trine Ellitsgaard, Fernando Sandoval, Adela Goldbard, M\u00f3nica Iturribarr\u00eda, Gary Goldberg, Maddalena Forcella, Taller Lapiztola, Laureana Toledo, Lana Guapa por Mar\u00eda Jos\u00e9 Cervantes, Alejandro Mart\u00ednez, Paloma Torres, Francisco Castro Le\u00f1ero y James Brown.<\/p>\n\n\n\n<p>\u201cTexturas y colores. Afelpado en CaSa\u201d podr\u00e1 visitarse hasta el 26 de julio de este a\u00f1o en la galer\u00eda chalet del Centro de las Artes de San Agust\u00edn, ubicado en San Agust\u00edn Etla, Oaxaca.<\/p>\n","protected":false},"excerpt":{"rendered":"<p>Redacci\u00f3n\/Zona Roja. Oaxaca, Oax., a 26 de abril de 2026.- &nbsp;El Taller de Afelpado del&hellip;<\/p>\n","protected":false},"author":2,"featured_media":92690,"comment_status":"closed","ping_status":"open","sticky":false,"template":"","format":"standard","meta":{"_lmt_disableupdate":"","_lmt_disable":"","_jetpack_memberships_contains_paid_content":false,"footnotes":""},"categories":[109,46],"tags":[1148],"class_list":["post-92689","post","type-post","status-publish","format-standard","has-post-thumbnail","hentry","category-minuto-a-minuto","category-zona-blanca","tag-centro-de-las-artes-san-agustin-casa"],"jetpack_featured_media_url":"https:\/\/zonaroja.com.mx\/wp-content\/uploads\/2026\/04\/Texturas-y-colores__0001_2.jpg","jetpack_sharing_enabled":true,"_links":{"self":[{"href":"https:\/\/zonaroja.com.mx\/index.php?rest_route=\/wp\/v2\/posts\/92689","targetHints":{"allow":["GET"]}}],"collection":[{"href":"https:\/\/zonaroja.com.mx\/index.php?rest_route=\/wp\/v2\/posts"}],"about":[{"href":"https:\/\/zonaroja.com.mx\/index.php?rest_route=\/wp\/v2\/types\/post"}],"author":[{"embeddable":true,"href":"https:\/\/zonaroja.com.mx\/index.php?rest_route=\/wp\/v2\/users\/2"}],"replies":[{"embeddable":true,"href":"https:\/\/zonaroja.com.mx\/index.php?rest_route=%2Fwp%2Fv2%2Fcomments&post=92689"}],"version-history":[{"count":1,"href":"https:\/\/zonaroja.com.mx\/index.php?rest_route=\/wp\/v2\/posts\/92689\/revisions"}],"predecessor-version":[{"id":92691,"href":"https:\/\/zonaroja.com.mx\/index.php?rest_route=\/wp\/v2\/posts\/92689\/revisions\/92691"}],"wp:featuredmedia":[{"embeddable":true,"href":"https:\/\/zonaroja.com.mx\/index.php?rest_route=\/wp\/v2\/media\/92690"}],"wp:attachment":[{"href":"https:\/\/zonaroja.com.mx\/index.php?rest_route=%2Fwp%2Fv2%2Fmedia&parent=92689"}],"wp:term":[{"taxonomy":"category","embeddable":true,"href":"https:\/\/zonaroja.com.mx\/index.php?rest_route=%2Fwp%2Fv2%2Fcategories&post=92689"},{"taxonomy":"post_tag","embeddable":true,"href":"https:\/\/zonaroja.com.mx\/index.php?rest_route=%2Fwp%2Fv2%2Ftags&post=92689"}],"curies":[{"name":"wp","href":"https:\/\/api.w.org\/{rel}","templated":true}]}}