{"id":92692,"date":"2026-04-26T18:03:50","date_gmt":"2026-04-27T00:03:50","guid":{"rendered":"https:\/\/zonaroja.com.mx\/?p=92692"},"modified":"2026-04-26T18:50:29","modified_gmt":"2026-04-27T00:50:29","slug":"detienen-a-integrantes-de-celula-delictiva-que-operaba-al-sur-de-valles-centrales","status":"publish","type":"post","link":"https:\/\/zonaroja.com.mx\/?p=92692","title":{"rendered":"Desarticulan c\u00e9lulas delictivas al sur de Valles Centrales y en Sierra de Flores Mag\u00f3n"},"content":{"rendered":"\n<p>Redacci\u00f3n\/Zona Roja.<\/p>\n\n\n\n<p>Oaxaca, Oax., a 26 de abril de 2026.- Cinco personas fueron detenidas por la Fiscal\u00eda General del Estado, en coordinaci\u00f3n con el Gabinete de Seguridad, al sur de la regi\u00f3n Valles Centrales, como probables integrantes de una c\u00e9lula delictiva.<\/p>\n\n\n\n<p>En un comunicado, la instituci\u00f3n dio a conocer que derivado de las labores de inteligencia criminal que permitieron identificar objetivos clave en el corredor que comprende de Ocotl\u00e1n y Zimatl\u00e1n hasta Miahuatl\u00e1n, elementos de la Agencia Estatal de Investigaciones (AEI) dieron cumplimiento a una orden de cateo en la localidad de Yegoseve, perteneciente a Ejutla de Crespo.<\/p>\n\n\n\n<p>En el sitio fueron detenidos y puestos bajo custodia de la ley cinco personas identificadas como M. A. M., J. A. L. G., A. Z. A., M. D. E. y T. G. Asimismo, se aseguraron tres armas largas y una arma corta, evitando que estas herramientas fueran utilizadas para vulnerar la paz social.<\/p>\n\n\n\n<p>Tambi\u00e9n se aseguraron dosis de la droga conocida como cristal, paquetes de marihuana, as\u00ed como pipas de cristal para consumo y una b\u00e1scula gramera.<\/p>\n\n\n\n<p>La Fiscal\u00eda de Oaxaca, a trav\u00e9s de la Vicefiscal\u00eda Regional de Valles Centrales, reafirma su compromiso de utilizar tecnolog\u00eda y an\u00e1lisis de gabinete para fortalecer el Estado de Derecho en cada municipio de Oaxaca.<\/p>\n\n\n\n<p>EN CUICATL\u00c1N<\/p>\n\n\n\n<p>Por otra parte, la Fiscal\u00eda ejecut\u00f3 dos cateos en distintos inmuebles ubicados en el municipio de San Juan Bautista Cuicatl\u00e1n, donde logr\u00f3 la detenci\u00f3n de tres personas del sexo masculino, as\u00ed como el aseguramiento de diversas dosis de droga, un arma de fuego y otros indicios relacionados con la probable comisi\u00f3n de delitos.<\/p>\n\n\n\n<p>La diligencia judicial se realiz\u00f3 derivado de trabajos ministeriales orientados a combatir actividades por el delito de narcomenudeo, delito que atenta contra la salud y seguridad de la sociedad.&nbsp;<\/p>\n\n\n\n<p>Se llev\u00f3 a cabo en dos inmuebles ubicados sobre la carretera federal n\u00famero 135, en jurisdicci\u00f3n de San Juan Bautista Cuicatl\u00e1n.<\/p>\n\n\n\n<p>Como resultado del operativo, fueron detenidas tres personas del sexo masculino identificadas como J.C.M.H., E.A.C.A. y A.M.H., quienes quedaron a disposici\u00f3n de la autoridad correspondiente para determinar su situaci\u00f3n jur\u00eddica.<\/p>\n\n\n\n<p>Adem\u00e1s, se aseguraron diversas bolsas de pl\u00e1stico transparente que conten\u00edan una sustancia s\u00f3lida con caracter\u00edsticas similares a la droga conocida como cristal, as\u00ed como bolsas con hierba verde seca con caracter\u00edsticas propias de la marihuana, as\u00ed como un arma de fuego, un cargador met\u00e1lico abastecido con cartuchos \u00fatiles y una b\u00e1scula gramera.&nbsp;<\/p>\n","protected":false},"excerpt":{"rendered":"<p>Redacci\u00f3n\/Zona Roja. Oaxaca, Oax., a 26 de abril de 2026.- Cinco personas fueron detenidas por&hellip;<\/p>\n","protected":false},"author":2,"featured_media":92693,"comment_status":"closed","ping_status":"open","sticky":false,"template":"","format":"standard","meta":{"_lmt_disableupdate":"","_lmt_disable":"","_jetpack_memberships_contains_paid_content":false,"footnotes":""},"categories":[109,46],"tags":[494],"class_list":["post-92692","post","type-post","status-publish","format-standard","has-post-thumbnail","hentry","category-minuto-a-minuto","category-zona-blanca","tag-fiscalia-general-del-estado-de-oaxaca"],"jetpack_featured_media_url":"https:\/\/zonaroja.com.mx\/wp-content\/uploads\/2026\/04\/Cateo-y-cinco-detenciones-Ejutla.jpg","jetpack_sharing_enabled":true,"_links":{"self":[{"href":"https:\/\/zonaroja.com.mx\/index.php?rest_route=\/wp\/v2\/posts\/92692","targetHints":{"allow":["GET"]}}],"collection":[{"href":"https:\/\/zonaroja.com.mx\/index.php?rest_route=\/wp\/v2\/posts"}],"about":[{"href":"https:\/\/zonaroja.com.mx\/index.php?rest_route=\/wp\/v2\/types\/post"}],"author":[{"embeddable":true,"href":"https:\/\/zonaroja.com.mx\/index.php?rest_route=\/wp\/v2\/users\/2"}],"replies":[{"embeddable":true,"href":"https:\/\/zonaroja.com.mx\/index.php?rest_route=%2Fwp%2Fv2%2Fcomments&post=92692"}],"version-history":[{"count":2,"href":"https:\/\/zonaroja.com.mx\/index.php?rest_route=\/wp\/v2\/posts\/92692\/revisions"}],"predecessor-version":[{"id":92698,"href":"https:\/\/zonaroja.com.mx\/index.php?rest_route=\/wp\/v2\/posts\/92692\/revisions\/92698"}],"wp:featuredmedia":[{"embeddable":true,"href":"https:\/\/zonaroja.com.mx\/index.php?rest_route=\/wp\/v2\/media\/92693"}],"wp:attachment":[{"href":"https:\/\/zonaroja.com.mx\/index.php?rest_route=%2Fwp%2Fv2%2Fmedia&parent=92692"}],"wp:term":[{"taxonomy":"category","embeddable":true,"href":"https:\/\/zonaroja.com.mx\/index.php?rest_route=%2Fwp%2Fv2%2Fcategories&post=92692"},{"taxonomy":"post_tag","embeddable":true,"href":"https:\/\/zonaroja.com.mx\/index.php?rest_route=%2Fwp%2Fv2%2Ftags&post=92692"}],"curies":[{"name":"wp","href":"https:\/\/api.w.org\/{rel}","templated":true}]}}