{"id":92700,"date":"2026-04-27T07:30:00","date_gmt":"2026-04-27T13:30:00","guid":{"rendered":"https:\/\/zonaroja.com.mx\/?p=92700"},"modified":"2026-04-27T07:34:18","modified_gmt":"2026-04-27T13:34:18","slug":"tras-balacera-en-la-capital-de-oaxaca-busca-fiscalia-a-transportistas","status":"publish","type":"post","link":"https:\/\/zonaroja.com.mx\/?p=92700","title":{"rendered":"Tras balacera en la capital de Oaxaca, busca Fiscal\u00eda a transportistas"},"content":{"rendered":"\n<p>Ismael Garc\u00eda M.\/Zona Roja.<\/p>\n\n\n\n<p>Oaxaca, Oax., a 27 de abril de 2026.- Tras irrupci\u00f3n violenta a un domicilio, detonaciones de armas de fuego y enfrentamiento entre sindicatos de transportistas en la capital, la Fiscal\u00eda General del Estado de Oaxaca identific\u00f3 y busca a los principales instigadores.<\/p>\n\n\n\n<p>Los hechos sucedieron ayer por la tarde-noche de ayer domingo en la colonia La Fundici\u00f3n, parte alta de la agencia de San Mart\u00edn Mexic\u00e1pan y colindancia con la agencia de San Juan Chapultepec.<\/p>\n\n\n\n<p>\u201cLos hechos involucraron la presencia de un grupo de aproximadamente 100 personas y veh\u00edculos tipo volteo que presumiblemente forman parte de un sindicato identificado como ASAEO, quienes participaron en los hechos presumiblemente delictivos\u201d, inform\u00f3 la Fiscal\u00eda.<\/p>\n\n\n\n<p>Detall\u00f3 que a trav\u00e9s del Centro de Control, Comando, Comunicaci\u00f3n, Coordinaci\u00f3n e Inteligencia (C5i) perteneciente a la Secretar\u00eda de Seguridad P\u00fablica y Protecci\u00f3n Ciudadana, se dio seguimiento puntual y en tiempo real a la movilizaci\u00f3n.&nbsp;<\/p>\n\n\n\n<p>\u201cLas c\u00e1maras de videovigilancia documentaron diversas conductas delictivas, entre ellas la probable detonaci\u00f3n de armas de fuego y la irrupci\u00f3n violenta en un domicilio particular, donde el contingente realiz\u00f3 actos de vandalismo con el objetivo de extraer a una persona\u201d, detall\u00f3 en un comunicado.<\/p>\n\n\n\n<p>Indic\u00f3 que la intervenci\u00f3n inmediata de la Polic\u00eda Estatal, la Agencia Estatal de Investigaciones (AEI) y la Polic\u00eda Municipal, permiti\u00f3 el cese de las hostilidades y la dispersi\u00f3n de los involucrados.&nbsp;<\/p>\n\n\n\n<p>\u201cGracias al an\u00e1lisis forense de los videos y el material fotogr\u00e1fico obtenido, las autoridades cuentan ya con la identificaci\u00f3n de los principales part\u00edcipes en estos hechos, garantizando que no habr\u00e1 impunidad ante el quebranto de la paz p\u00fablica\u201d, expuso la instituci\u00f3n que encabeza Bernardo Rodr\u00edguez Alamilla.<\/p>\n\n\n\n<p>Desde la tarde se difundieron en medios sociales fotograf\u00edas y videos de la incursi\u00f3n de grupos armados, presuntamente de sindicatos de transportistas y de acuerdo con las versiones, se disputaban la ejecuci\u00f3n de una obra en esa zona; hasta esta ma\u00f1ana no se ha reportado ninguna detenci\u00f3n por esos hechos violentos.<\/p>\n","protected":false},"excerpt":{"rendered":"<p>Ismael Garc\u00eda M.\/Zona Roja. Oaxaca, Oax., a 27 de abril de 2026.- Tras irrupci\u00f3n violenta&hellip;<\/p>\n","protected":false},"author":2,"featured_media":92701,"comment_status":"closed","ping_status":"open","sticky":false,"template":"","format":"standard","meta":{"_lmt_disableupdate":"","_lmt_disable":"","_jetpack_memberships_contains_paid_content":false,"footnotes":""},"categories":[109,47],"tags":[148],"class_list":["post-92700","post","type-post","status-publish","format-standard","has-post-thumbnail","hentry","category-minuto-a-minuto","category-zona-gris","tag-oaxaca-de-juarez"],"jetpack_featured_media_url":"https:\/\/zonaroja.com.mx\/wp-content\/uploads\/2026\/04\/Violencia-sindicato-de-transportistas-La-Fundicion-ciudad-de-Oaxaca.jpeg","jetpack_sharing_enabled":true,"_links":{"self":[{"href":"https:\/\/zonaroja.com.mx\/index.php?rest_route=\/wp\/v2\/posts\/92700","targetHints":{"allow":["GET"]}}],"collection":[{"href":"https:\/\/zonaroja.com.mx\/index.php?rest_route=\/wp\/v2\/posts"}],"about":[{"href":"https:\/\/zonaroja.com.mx\/index.php?rest_route=\/wp\/v2\/types\/post"}],"author":[{"embeddable":true,"href":"https:\/\/zonaroja.com.mx\/index.php?rest_route=\/wp\/v2\/users\/2"}],"replies":[{"embeddable":true,"href":"https:\/\/zonaroja.com.mx\/index.php?rest_route=%2Fwp%2Fv2%2Fcomments&post=92700"}],"version-history":[{"count":1,"href":"https:\/\/zonaroja.com.mx\/index.php?rest_route=\/wp\/v2\/posts\/92700\/revisions"}],"predecessor-version":[{"id":92702,"href":"https:\/\/zonaroja.com.mx\/index.php?rest_route=\/wp\/v2\/posts\/92700\/revisions\/92702"}],"wp:featuredmedia":[{"embeddable":true,"href":"https:\/\/zonaroja.com.mx\/index.php?rest_route=\/wp\/v2\/media\/92701"}],"wp:attachment":[{"href":"https:\/\/zonaroja.com.mx\/index.php?rest_route=%2Fwp%2Fv2%2Fmedia&parent=92700"}],"wp:term":[{"taxonomy":"category","embeddable":true,"href":"https:\/\/zonaroja.com.mx\/index.php?rest_route=%2Fwp%2Fv2%2Fcategories&post=92700"},{"taxonomy":"post_tag","embeddable":true,"href":"https:\/\/zonaroja.com.mx\/index.php?rest_route=%2Fwp%2Fv2%2Ftags&post=92700"}],"curies":[{"name":"wp","href":"https:\/\/api.w.org\/{rel}","templated":true}]}}