{"id":92703,"date":"2026-04-27T08:15:00","date_gmt":"2026-04-27T14:15:00","guid":{"rendered":"https:\/\/zonaroja.com.mx\/?p=92703"},"modified":"2026-04-27T06:49:28","modified_gmt":"2026-04-27T12:49:28","slug":"prepara-seccion-22-pliego-petitorio-y-jornada-de-lucha-estatal","status":"publish","type":"post","link":"https:\/\/zonaroja.com.mx\/?p=92703","title":{"rendered":"Prepara Secci\u00f3n 22 pliego petitorio y jornada de lucha estatal"},"content":{"rendered":"\n<p>Lisbeth Mej\u00eda Reyes\/Zona Roja.<\/p>\n\n\n\n<p>Oaxaca, Oax., a 27 de abril de 2026.- Con 67 demandas, entre ellas las centrales, las pol\u00edticas, de mejoramiento educativo e infraestructura y de justicia, la Secci\u00f3n 22 del Sindicato Nacional de Trabajadores de la Educaci\u00f3n y de la Coordinadora Nacional de Trabajadores de la Educaci\u00f3n (SNTE -CNTE) prepara el pliego petitorio que entregar\u00e1 este 1 de mayo al gobernador Salom\u00f3n Jara Cruz.<\/p>\n\n\n\n<p>En un borrador del documento, el comit\u00e9 ejecutivo seccional 2022-2026, que encabeza Yenny Araceli P\u00e9rez Mart\u00ednez, tambi\u00e9n incluye exigencias para la seguridad social de sus agremiados y freno a los megaproyectos, as\u00ed como aumento de los recursos del ramo 33 para los 570 municipios del estado, que permita resolver necesidades educativas.<\/p>\n\n\n\n<p>Las demandas centrales son retomadas en el documento del magisterio oaxaque\u00f1o rumbo a la movilizaci\u00f3n nacional como parte de la CNTE, que la noche del s\u00e1bado defini\u00f3 movilizaciones para el 1 de mayo, tanto en la Ciudad de Mexico como en Oaxaca.&nbsp;<\/p>\n\n\n\n<p>Entre estas, exige la abrogaci\u00f3n de la Ley del ISSSTE del 2007 y una jubilaci\u00f3n dignas, la abrogaci\u00f3n de la reforma educativa que se aprob\u00f3 en el gobierno de Enrique Pe\u00f1a Nieto y que pese a sus promesas no han eliminado el presidente Andr\u00e9s Manuel L\u00f3pez Obrador ni la presidenta Claudia Sheinbaum.<\/p>\n\n\n\n<p>Aumento salarial del 100 por ciento y la aprobaci\u00f3n de su propuesta de Ley de Educaci\u00f3n son parte del pliego petitorio.<\/p>\n\n\n\n<p>Entre las nueve demandas pol\u00edticas est\u00e1 el reconocimiento de la Direcci\u00f3n General de los Pueblos Originarios de Oaxaca, la incorporaci\u00f3n y permanencia de niveles especiales en la estructura del Instituto Estatal de Educaci\u00f3n P\u00fablica de Oaxaca.<\/p>\n\n\n\n<p>En el mejoramiento educativo e infraestructura, una de las cuatro demandas es la construcci\u00f3n, rehabilitaci\u00f3n y mantenimiento en las escuelas, albergues, centros de integraci\u00f3n social, comedores escolares e internados de educaci\u00f3n b\u00e1sica y escuelas normales.<\/p>\n\n\n\n<p>Tambi\u00e9n piden la integraci\u00f3n del Plan para la Transformador de la Educaci\u00f3n en Oaxaca (PTEO) en la malla curricular de las escuelas normales.<\/p>\n\n\n\n<p>La exigencia de justicia por los hechos violento durante las movilizaciones del 2006, 2013, 2015 y 2016 est\u00e1n en el documento.&nbsp;<\/p>\n\n\n\n<p>De igual manera, expone 13 demandas administrativas para la contrataci\u00f3n, basificaci\u00f3n, recategorizaci\u00f3n, entre otros tr\u00e1mites para el Personal de Apoyo y Asistencia a la Educaci\u00f3n (PAAE) y docentes, recuperaci\u00f3n de plazas congeladas, etc\u00e9tera.<\/p>\n\n\n\n<p>Entre las 19 demandas econ\u00f3micas est\u00e1 la de est\u00edmulos por cada cinco a\u00f1os de servicio, 90 d\u00edas de aguinaldo para jubilados y trabajadores del nivel de homologados. Adem\u00e1s de que la Comisi\u00f3n Federal de Electricidad (CFE) subsidie la energ\u00eda el\u00e9ctrica en todas las escuelas de la gremial.<\/p>\n\n\n\n<p>En seguridad social reitera sus demandas para garantizar la atenci\u00f3n en las unidades m\u00e9dicas.<\/p>\n\n\n\n<p>Por otra parte, la Secci\u00f3n 22 emiti\u00f3 ayer la convocatoria para la jornada de protestas del 1 de mayo, D\u00eda del Trabajo.<\/p>\n\n\n\n<p>Entre ellas, una marcha del crucero de Brenamiel, Santa Rosa Panzacola, hacia el z\u00f3calo de la capital de Oaxaca, tras lo cual la dirigencia entregar\u00e1 el pliego de demandas al titular del Poder Ejecutivo estatal.<\/p>\n\n\n\n<p>En tanto, en la Ciudad de M\u00e9xico, habr\u00e1 otra marcha, de integrantes de la CNTE, que partir\u00e1 del monumento al \u00c1ngel de la Independencia al z\u00f3calo, donde desarrollar\u00e1n un mitin.<\/p>\n","protected":false},"excerpt":{"rendered":"<p>Lisbeth Mej\u00eda Reyes\/Zona Roja. Oaxaca, Oax., a 27 de abril de 2026.- Con 67 demandas,&hellip;<\/p>\n","protected":false},"author":2,"featured_media":92705,"comment_status":"closed","ping_status":"open","sticky":false,"template":"","format":"standard","meta":{"_lmt_disableupdate":"","_lmt_disable":"","_jetpack_memberships_contains_paid_content":false,"footnotes":""},"categories":[109,47],"tags":[312],"class_list":["post-92703","post","type-post","status-publish","format-standard","has-post-thumbnail","hentry","category-minuto-a-minuto","category-zona-gris","tag-seccion-22-del-snte"],"jetpack_featured_media_url":"https:\/\/zonaroja.com.mx\/wp-content\/uploads\/2026\/04\/borrador-pliego-petitorio-Seccion-22.jpg","jetpack_sharing_enabled":true,"_links":{"self":[{"href":"https:\/\/zonaroja.com.mx\/index.php?rest_route=\/wp\/v2\/posts\/92703","targetHints":{"allow":["GET"]}}],"collection":[{"href":"https:\/\/zonaroja.com.mx\/index.php?rest_route=\/wp\/v2\/posts"}],"about":[{"href":"https:\/\/zonaroja.com.mx\/index.php?rest_route=\/wp\/v2\/types\/post"}],"author":[{"embeddable":true,"href":"https:\/\/zonaroja.com.mx\/index.php?rest_route=\/wp\/v2\/users\/2"}],"replies":[{"embeddable":true,"href":"https:\/\/zonaroja.com.mx\/index.php?rest_route=%2Fwp%2Fv2%2Fcomments&post=92703"}],"version-history":[{"count":1,"href":"https:\/\/zonaroja.com.mx\/index.php?rest_route=\/wp\/v2\/posts\/92703\/revisions"}],"predecessor-version":[{"id":92706,"href":"https:\/\/zonaroja.com.mx\/index.php?rest_route=\/wp\/v2\/posts\/92703\/revisions\/92706"}],"wp:featuredmedia":[{"embeddable":true,"href":"https:\/\/zonaroja.com.mx\/index.php?rest_route=\/wp\/v2\/media\/92705"}],"wp:attachment":[{"href":"https:\/\/zonaroja.com.mx\/index.php?rest_route=%2Fwp%2Fv2%2Fmedia&parent=92703"}],"wp:term":[{"taxonomy":"category","embeddable":true,"href":"https:\/\/zonaroja.com.mx\/index.php?rest_route=%2Fwp%2Fv2%2Fcategories&post=92703"},{"taxonomy":"post_tag","embeddable":true,"href":"https:\/\/zonaroja.com.mx\/index.php?rest_route=%2Fwp%2Fv2%2Ftags&post=92703"}],"curies":[{"name":"wp","href":"https:\/\/api.w.org\/{rel}","templated":true}]}}