{"id":92710,"date":"2026-04-27T11:15:00","date_gmt":"2026-04-27T17:15:00","guid":{"rendered":"https:\/\/zonaroja.com.mx\/?p=92710"},"modified":"2026-04-27T07:00:40","modified_gmt":"2026-04-27T13:00:40","slug":"vive-colombia-ola-de-atentados-el-mas-reciente-dejo-20-muertos","status":"publish","type":"post","link":"https:\/\/zonaroja.com.mx\/?p=92710","title":{"rendered":"Vive Colombia ola de atentados; el m\u00e1s reciente dej\u00f3 20 muertos\u00a0"},"content":{"rendered":"\n<p>Redacci\u00f3n\/Zona Roja Cdmx.<\/p>\n\n\n\n<p>(Informaci\u00f3n de Europa News)<\/p>\n\n\n\n<p>Ciudad de M\u00e9xico, a 27 de abril de 2026.- El n\u00famero de muertos por el atentado con bomba en una regi\u00f3n del suroeste de Colombia ha dejado 20 v\u00edctimas mortales, seg\u00fan informaron las autoridades el domingo.&nbsp;<\/p>\n\n\n\n<p>La enorme explosi\u00f3n dej\u00f3 autobuses y camionetas destrozados en la Carretera Panamericana. Adem\u00e1s, varios veh\u00edculos volcaron por la fuerza de la explosi\u00f3n.<\/p>\n\n\n\n<p>El ataque ocurri\u00f3 el s\u00e1bado cuando un artefacto explosivo deton\u00f3 en un autob\u00fas que circulaba por la Carretera Panamericana en el municipio de Cajibio. Hasta el momento, entre las v\u00edctimas se encuentran 15 mujeres y 5 hombres, ha explicado Octavio Guzm\u00e1n, gobernador de la regi\u00f3n del Cauca.<\/p>\n\n\n\n<p>Guzm\u00e1n escribi\u00f3 en X que el ataque dej\u00f3 36 heridos, tres de los cuales se encuentran en cuidados intensivos. A\u00f1adi\u00f3 que cinco de los heridos son menores de edad y se espera que se recuperen.<\/p>\n\n\n\n<p>El Instituto Colombiano de Medicina Legal inform\u00f3 que especialistas, incluyendo odont\u00f3logos, antrop\u00f3logos y m\u00e9dicos forenses, est\u00e1n trabajando en la identificaci\u00f3n de las v\u00edctimas.<\/p>\n\n\n\n<p>CONDENAN ATAQUE<\/p>\n\n\n\n<p>La Alta Comisionada de las Naciones Unidas para los Derechos Humanos conden\u00f3 los ataques contra la poblaci\u00f3n civil e inst\u00f3 a las autoridades a investigar los incidentes y \u00abgarantizar justicia para las v\u00edctimas\u201d.<\/p>\n\n\n\n<p>Guzm\u00e1n declar\u00f3 tres d\u00edas de duelo el domingo en memoria de las v\u00edctimas.<\/p>\n\n\n\n<p>Este atentado es el m\u00e1s reciente en la regi\u00f3n, donde se han reportado m\u00e1s de dos docenas de incidentes en los \u00faltimos tres d\u00edas en el suroeste de Colombia. La regi\u00f3n alberga grupos armados ilegales que se disputan el control de las zonas de cultivo de hoja de coca y de las rutas mar\u00edtimas y fluviales para operar el narcotr\u00e1fico hacia Centroam\u00e9rica y Europa.<\/p>\n\n\n\n<p>El jefe militar Hugo L\u00f3pez, comandante de las Fuerzas Armadas de Colombia, declar\u00f3 en una conferencia de prensa el s\u00e1bado que la bomba explot\u00f3 despu\u00e9s de que los atacantes detuvieran el tr\u00e1fico bloqueando la carretera con un autob\u00fas y otro veh\u00edculo.&nbsp;<\/p>\n\n\n\n<p>\u00abEs un ataque terrorista contra la poblaci\u00f3n civil\u00bb, afirm\u00f3 L\u00f3pez. Este evento se produce a poco m\u00e1s de un mes de las elecciones nacionales, en las que los votantes elegir\u00e1n al sucesor del presidente izquierdista Gustavo Petro.<\/p>\n\n\n\n<p>El general L\u00f3pez calific\u00f3 el incidente como un \u00abacto terrorista\u00bb. Atribuy\u00f3 el ataque a la red de un hombre conocido como \u00abIv\u00e1n Mordisco\u00bb \u2014uno de los fugitivos m\u00e1s buscados de Colombia\u2014 y a la facci\u00f3n de Jaime Mart\u00ednez. Ambos son disidentes de las ahora extintas Fuerzas Armadas Revolucionarias de Colombia (FARC) que operan en la regi\u00f3n.<\/p>\n\n\n\n<p>\u00abQuienes perpetraron este ataque&#8230; son terroristas, fascistas y narcotraficantes\u00bb, declar\u00f3 Petro en X. \u00abQuiero que nuestros mejores soldados los enfrenten\u00bb. Petro tambi\u00e9n atribuy\u00f3 el atentado a Iv\u00e1n Mordisco, a quien el presidente ha comparado con el fallecido capo de la coca\u00edna Pablo Escobar.<\/p>\n\n\n\n<p>M\u00c1S ATENTADOS<\/p>\n\n\n\n<p>La violencia se desat\u00f3 tras un atentado con bomba el viernes contra una base militar en Cali, la tercera ciudad m\u00e1s grande de Colombia, que dej\u00f3 dos heridos y desencaden\u00f3 una serie de ataques en los departamentos del Valle del Cauca y Cauca.<\/p>\n\n\n\n<p>Seg\u00fan L\u00f3pez, se han registrado 26 ataques en ambos departamentos en los \u00faltimos dos d\u00edas. Las autoridades han reforzado la presencia militar y policial en la zona, inform\u00f3 el s\u00e1bado el ministro de Defensa, Pedro S\u00e1nchez.<\/p>\n\n\n\n<p>Colombia tiene un historial de grupos armados \u2014que financian sus operaciones mediante el narcotr\u00e1fico, la miner\u00eda ilegal y la extorsi\u00f3n\u2014 que intentan influir en las elecciones a trav\u00e9s de la violencia.<\/p>\n\n\n\n<p>Los remanentes de las FARC que rechazaron el acuerdo de paz de 2016 con el Gobierno han estado intentando activamente sabotear las estancadas conversaciones de paz con Petro.<\/p>\n\n\n\n<p>La seguridad es uno de los temas centrales de las elecciones presidenciales. La violencia pol\u00edtica cobr\u00f3 especial relevancia en junio pasado, cuando el joven y favorito candidato presidencial conservador, Miguel Uribe Turbay, fue asesinado a tiros a plena luz del d\u00eda mientras hac\u00eda campa\u00f1a en Bogot\u00e1. Falleci\u00f3 dos meses despu\u00e9s.<\/p>\n\n\n\n<p>El senador izquierdista Iv\u00e1n Cepeda, art\u00edfice de la controvertida pol\u00edtica de Petro de negociar con grupos armados, lidera las encuestas. Le siguen de cerca los candidatos de derecha Abelardo de la Espriella y Paloma Valencia, quienes se han comprometido a adoptar una postura firme contra los grupos rebeldes.<\/p>\n\n\n\n<p>Los tres han denunciado haber recibido amenazas de muerte y realizan su campa\u00f1a bajo estrictas medidas de seguridad.<\/p>\n","protected":false},"excerpt":{"rendered":"<p>Redacci\u00f3n\/Zona Roja Cdmx. (Informaci\u00f3n de Europa News) Ciudad de M\u00e9xico, a 27 de abril de&hellip;<\/p>\n","protected":false},"author":2,"featured_media":92711,"comment_status":"closed","ping_status":"open","sticky":false,"template":"","format":"standard","meta":{"_lmt_disableupdate":"","_lmt_disable":"","_jetpack_memberships_contains_paid_content":false,"footnotes":""},"categories":[109,47],"tags":[4417],"class_list":["post-92710","post","type-post","status-publish","format-standard","has-post-thumbnail","hentry","category-minuto-a-minuto","category-zona-gris","tag-atentados-colombia"],"jetpack_featured_media_url":"https:\/\/zonaroja.com.mx\/wp-content\/uploads\/2026\/04\/Atentado-Colombia.jpg","jetpack_sharing_enabled":true,"_links":{"self":[{"href":"https:\/\/zonaroja.com.mx\/index.php?rest_route=\/wp\/v2\/posts\/92710","targetHints":{"allow":["GET"]}}],"collection":[{"href":"https:\/\/zonaroja.com.mx\/index.php?rest_route=\/wp\/v2\/posts"}],"about":[{"href":"https:\/\/zonaroja.com.mx\/index.php?rest_route=\/wp\/v2\/types\/post"}],"author":[{"embeddable":true,"href":"https:\/\/zonaroja.com.mx\/index.php?rest_route=\/wp\/v2\/users\/2"}],"replies":[{"embeddable":true,"href":"https:\/\/zonaroja.com.mx\/index.php?rest_route=%2Fwp%2Fv2%2Fcomments&post=92710"}],"version-history":[{"count":1,"href":"https:\/\/zonaroja.com.mx\/index.php?rest_route=\/wp\/v2\/posts\/92710\/revisions"}],"predecessor-version":[{"id":92712,"href":"https:\/\/zonaroja.com.mx\/index.php?rest_route=\/wp\/v2\/posts\/92710\/revisions\/92712"}],"wp:featuredmedia":[{"embeddable":true,"href":"https:\/\/zonaroja.com.mx\/index.php?rest_route=\/wp\/v2\/media\/92711"}],"wp:attachment":[{"href":"https:\/\/zonaroja.com.mx\/index.php?rest_route=%2Fwp%2Fv2%2Fmedia&parent=92710"}],"wp:term":[{"taxonomy":"category","embeddable":true,"href":"https:\/\/zonaroja.com.mx\/index.php?rest_route=%2Fwp%2Fv2%2Fcategories&post=92710"},{"taxonomy":"post_tag","embeddable":true,"href":"https:\/\/zonaroja.com.mx\/index.php?rest_route=%2Fwp%2Fv2%2Ftags&post=92710"}],"curies":[{"name":"wp","href":"https:\/\/api.w.org\/{rel}","templated":true}]}}