{"id":92715,"date":"2026-04-27T10:30:00","date_gmt":"2026-04-27T16:30:00","guid":{"rendered":"https:\/\/zonaroja.com.mx\/?p=92715"},"modified":"2026-04-27T09:33:25","modified_gmt":"2026-04-27T15:33:25","slug":"opinion-y-otra-vez-el-magisterio-con-las-exigencias-de-siempre","status":"publish","type":"post","link":"https:\/\/zonaroja.com.mx\/?p=92715","title":{"rendered":"Opini\u00f3n. Y el magisterio vuelve a la carga con protestas y exigencias de siempre"},"content":{"rendered":"\n<p>Ismael Garc\u00eda M.\/Zona Roja.<\/p>\n\n\n\n<p>Oaxaca, Oax., a 27 de abril de 2026.- El magisterio oaxaque\u00f1o no tiene descanso. Y no lo decimos por su labor en las aulas, al frente de la ni\u00f1ez de la entidad.<\/p>\n\n\n\n<p>Sino por su constante y calendarizado activismo para conseguir cualquier cantidad de prebendas, disfrazadas de demandas laborales.<\/p>\n\n\n\n<p>Y mientras tanto, las y los estudiantes contin\u00faan a la deriva, con serios retrasos en su plan de estudios, con docentes interesados m\u00e1s en el beneficio para sus bolsillos que en la ense\u00f1anza.<\/p>\n\n\n\n<p>Y mientras tanto, Oaxaca sigue ocupando, desde hace varias d\u00e9cadas, los \u00faltimos lugares de la tabla nacional en aprovechamiento educativo y en analfabetismo.<\/p>\n\n\n\n<p>La m\u00e1s reciente movilizaci\u00f3n de la Secci\u00f3n 22 del SNTE dur\u00f3 casi dos semanas, por parte del nivel Personal de Apoyo y Asistencia a la Educaci\u00f3n (PAAE), sin que ninguna autoridad se atreviera a poner orden, frente a graves atentados a la sociedad.<\/p>\n\n\n\n<p>Y antes que ellos, fueron los estudiantes normalistas que tambi\u00e9n por al menos dos semanas tuvieron en jaque a los capitalinos y visitantes.&nbsp;<\/p>\n\n\n\n<p>CON VIOLENCIA<\/p>\n\n\n\n<p>Sin embargo, la movilizaci\u00f3n del nivel PAAE revel\u00f3 tambi\u00e9n dos situaciones que llaman la atenci\u00f3n y que podr\u00edan imponerse en las pr\u00f3ximas movilizaciones:<\/p>\n\n\n\n<p>Uno: no tuvo el respaldo de la dirigencia estatal del magisterio que encabeza Yenni Aracely P\u00e9rez Mart\u00ednez.<\/p>\n\n\n\n<p>Dos: Se caracterizaron por sus actos violentos en contra de la sociedad y hasta en contra de los periodistas.<\/p>\n\n\n\n<p>Y, como suele suceder, los manifestantes retiraron sus bloqueos el s\u00e1bado pasado, pero ni por hubo informaci\u00f3n por parte de los integrantes del PAAE o por parte del IEEPO.<\/p>\n\n\n\n<p>Por lo tanto, se infiere que les dieron todo lo que pidieron: festejos para cualquier aniversario social y hasta mole, pan de yema y chocolate para las festividades de muertos.<\/p>\n\n\n\n<p>Es cierto que tienen derechos laborales y que deben exigirlos en caso de que no sean otorgados, pero de ninguna manera se trata de pasar por encima de los derechos de la sociedad, del ciudadano, que, por en\u00e9sima ocasi\u00f3n, se sinti\u00f3 agraviado sin que hubiera autoridad para frenar los desmanes.<\/p>\n\n\n\n<p>BANDERAZO DE ARRANQUE<\/p>\n\n\n\n<p>La noche del s\u00e1bado en la Ciudad de M\u00e9xico, la Coordinadora Nacional de Trabajadores de la Educaci\u00f3n (CNTE) concluy\u00f3 su Asamblea Nacional Representativa (ANR), que signific\u00f3 el arranque de movilizaciones para el mes de mayo\u2026 y durante el Mundial de Futbol.<\/p>\n\n\n\n<p>Las no m\u00e1s de 10 entidades del pa\u00eds, donde hay dicha agrupaci\u00f3n, acordaron iniciar el 1 de mayo con una marcha masiva en la capital del pa\u00eds, con sus demandas de siempre, la extinci\u00f3n de la Ley del ISSSTE, as\u00ed como la abrogaci\u00f3n total de la reforma educativa que en su sexenio impuls\u00f3 Enrique Pe\u00f1a Nieto.<\/p>\n\n\n\n<p>Pero adem\u00e1s:&nbsp;<\/p>\n\n\n\n<p>\u201cLas y los delegados de las Secciones Democr\u00e1ticas, con la firme convicci\u00f3n de fortalecer la unidad del movimiento magisterial, definieron el rumbo organizativo y el plan de acci\u00f3n que dar\u00e1 paso al inicio de la huelga nacional, como respuesta a la cerraz\u00f3n del Estado ante las demandas hist\u00f3ricas del magisterio democr\u00e1tico\u201d.<\/p>\n\n\n\n<p>En el caso de Oaxaca, habr\u00e1 tambi\u00e9n una marcha masiva del poniente al centro de la capital, en el marco del D\u00eda del Trabajo, para entregar su pliego petitorio; la autoridad estatal y la federal tendr\u00e1n 15 d\u00edas para dar respuesta a esas demandas.<\/p>\n\n\n\n<p>M\u00c1S AGRAVIOS<\/p>\n\n\n\n<p>As\u00ed inicia una en\u00e9sima ola de movilizaciones en la capital del estado, con una dirigencia magisterial dividida \u2014que muchas veces complace al gobierno y procura evitar protestas\u2014 y una base magisterial \u00e1vida de recuperar su fuerza de anta\u00f1o (lo que se vio reflejado en la falta de qu\u00f3rum para la Asamblea Estatal del pasado s\u00e1bado).<\/p>\n\n\n\n<p>Esa fuerza que se dibuj\u00f3 por casi dos semanas por parte del nivel PAAE, que por cierto no tom\u00f3 en cuenta ni siquiera a sus representantes y mucho a los trabajadores administrativos de las regiones.<\/p>\n\n\n\n<p>Bloqueos intensos en diversos puntos de la ciudad; cierre de la avenida Universidad, que gener\u00f3 la ira de los vecinos del fraccionamiento Trinidad de las Huertas.<\/p>\n\n\n\n<p>Agresiones contra periodistas, como el caso del fotorreportero Adri\u00e1n Gayt\u00e1n, que fue atacado en dos ocasiones; agresiones en contra de la sociedad, al impedir el libre transito; agresiones a usuarios al bajarlos por la fuerza de los autobuses del transporte de pasajeros.<\/p>\n\n\n\n<p>\u00bfRecuperar\u00e1n esa t\u00f3nica en las pr\u00f3ximas jornadas de \u201clucha\u201d? Es bastante probable, habida cuenta que en el a\u00f1o 2027 habr\u00e1 elecciones en la entidad, tanto de diputados locales como federales y presidentes municipales.<\/p>\n\n\n\n<p>Y, aunque diga que es apartidista, la Secci\u00f3n 22 suma su fuerza a su conveniencia, como sucedi\u00f3 en los comicios nacionales en que se eligi\u00f3 a Andr\u00e9s Manuel L\u00f3pez Obrador, quien despu\u00e9s los traicion\u00f3 y no les cumpli\u00f3 sus caprichos.<\/p>\n\n\n\n<p>Ya est\u00e1 listo el borrador del pliego petitorio, con 67 demandas, muchas de ellas que no son de car\u00e1cter educativo, y con la entrega iniciar\u00e1 una en\u00e9sima jornada de agravios hacia la ni\u00f1ez y hacia la poblaci\u00f3n en general.<\/p>\n\n\n\n<p>Vendr\u00e1n suspensi\u00f3n de clases, marchas y protestas y bloqueo a vialidades hasta conseguir lo que desean; presionar\u00e1n con ello para exigir cumplimiento total a esas demandas y, como no se har\u00e1 en el lapso que emplazan, anunciar\u00e1n un paro de labores.<\/p>\n\n\n\n<p>Suspensi\u00f3n que se sumar\u00e1 a la huelga nacional que organiza la CNTE y que prev\u00e9n realizar justo en las fechas del Mundial 2026, en que M\u00e9xico ser\u00e1 sede junto con Estados Unidos.<\/p>\n\n\n\n<p>\u00bfAlgo ha cambiado a\u00fan cuando los gobiernos estatal y federal han complacido con carretadas de millones al magisterio? Absolutamente nada. Al contrario, la educaci\u00f3n ha empeorado.<\/p>\n\n\n\n<p>Y a todo ello, \u00bfen d\u00f3nde est\u00e1 el director general Emilio Montero P\u00e9rez? Con m\u00faltiples se\u00f1alamientos en su contra, incluso de tolerar al crimen organizado en su \u00e9poca de edil, se prev\u00e9 su salida una vez que amaine la tormenta magisterial.<\/p>\n","protected":false},"excerpt":{"rendered":"<p>Ismael Garc\u00eda M.\/Zona Roja. Oaxaca, Oax., a 27 de abril de 2026.- El magisterio oaxaque\u00f1o&hellip;<\/p>\n","protected":false},"author":2,"featured_media":89988,"comment_status":"closed","ping_status":"open","sticky":false,"template":"","format":"standard","meta":{"_lmt_disableupdate":"","_lmt_disable":"","_jetpack_memberships_contains_paid_content":false,"footnotes":""},"categories":[456,109,48],"tags":[1353],"class_list":["post-92715","post","type-post","status-publish","format-standard","has-post-thumbnail","hentry","category-columna","category-minuto-a-minuto","category-zona-critica","tag-opinion-zona-critica"],"jetpack_featured_media_url":"https:\/\/zonaroja.com.mx\/wp-content\/uploads\/2026\/02\/Opinion-Ismael-Garcia.jpg","jetpack_sharing_enabled":true,"_links":{"self":[{"href":"https:\/\/zonaroja.com.mx\/index.php?rest_route=\/wp\/v2\/posts\/92715","targetHints":{"allow":["GET"]}}],"collection":[{"href":"https:\/\/zonaroja.com.mx\/index.php?rest_route=\/wp\/v2\/posts"}],"about":[{"href":"https:\/\/zonaroja.com.mx\/index.php?rest_route=\/wp\/v2\/types\/post"}],"author":[{"embeddable":true,"href":"https:\/\/zonaroja.com.mx\/index.php?rest_route=\/wp\/v2\/users\/2"}],"replies":[{"embeddable":true,"href":"https:\/\/zonaroja.com.mx\/index.php?rest_route=%2Fwp%2Fv2%2Fcomments&post=92715"}],"version-history":[{"count":2,"href":"https:\/\/zonaroja.com.mx\/index.php?rest_route=\/wp\/v2\/posts\/92715\/revisions"}],"predecessor-version":[{"id":92717,"href":"https:\/\/zonaroja.com.mx\/index.php?rest_route=\/wp\/v2\/posts\/92715\/revisions\/92717"}],"wp:featuredmedia":[{"embeddable":true,"href":"https:\/\/zonaroja.com.mx\/index.php?rest_route=\/wp\/v2\/media\/89988"}],"wp:attachment":[{"href":"https:\/\/zonaroja.com.mx\/index.php?rest_route=%2Fwp%2Fv2%2Fmedia&parent=92715"}],"wp:term":[{"taxonomy":"category","embeddable":true,"href":"https:\/\/zonaroja.com.mx\/index.php?rest_route=%2Fwp%2Fv2%2Fcategories&post=92715"},{"taxonomy":"post_tag","embeddable":true,"href":"https:\/\/zonaroja.com.mx\/index.php?rest_route=%2Fwp%2Fv2%2Ftags&post=92715"}],"curies":[{"name":"wp","href":"https:\/\/api.w.org\/{rel}","templated":true}]}}