{"id":92722,"date":"2026-04-27T17:46:20","date_gmt":"2026-04-27T23:46:20","guid":{"rendered":"https:\/\/zonaroja.com.mx\/?p=92722"},"modified":"2026-04-27T17:46:33","modified_gmt":"2026-04-27T23:46:33","slug":"integrantes-del-frente-universitario-se-amparan-ante-posibles-detenciones-y-represion","status":"publish","type":"post","link":"https:\/\/zonaroja.com.mx\/?p=92722","title":{"rendered":"Integrantes del Frente Universitario se amparan ante posibles detenciones y represi\u00f3n"},"content":{"rendered":"\n<p>Lisbeth Mej\u00eda Reyes\/Zona Roja.<\/p>\n\n\n\n<p>Oaxaca, Oax., a 27 de abril de 2026.- Al denunciar que el gobierno estatal ha iniciado la represi\u00f3n en su contra junto con la actual rector\u00eda, el Frente Democr\u00e1tico en Defensa de la Autonom\u00eda Universitaria inform\u00f3 este lunes que al menos 27 catedr\u00e1ticos que encabezan el movimiento se han amparado ante los posibles delitos y \u00f3rdenes de aprehensi\u00f3n que les pretendan imputar.<\/p>\n\n\n\n<p>Los amparos, dijo el frente, son un \u00abm\u00ednimo legal de protecci\u00f3n\u00bb rumbo a la renovaci\u00f3n de la rector\u00eda de la Universidad Aut\u00f3noma Benito Ju\u00e1rez de Oaxaca (UABJO) y ante las intimidaciones y represi\u00f3n estatal que han sufrido sus integrantes.&nbsp;<\/p>\n\n\n\n<p>Esto luego de que han denunciado al gobierno estatal por presunta intromisi\u00f3n en la universidad y por querer imponer a Farid Acevedo L\u00f3pez, ex secretario de Finanzas, como nuevo rector.<\/p>\n\n\n\n<p>En conferencia de prensa en Ciudad Universitaria, en la agencia Cinco Se\u00f1ores de la ciudad de Oaxaca, el frente neg\u00f3 que sus agremiados hayan cometido delito alguno sino solamente han expresado su libertad de voto.<\/p>\n\n\n\n<p>En respaldo al doctor Enrique Mart\u00ednez Mart\u00ednez, el frente reiter\u00f3 su rechazo a la intromisi\u00f3n del gobierno en la elecci\u00f3n de rector o rectora de la UABJO, que se efectuar\u00e1 el pr\u00f3ximo 13 de mayo.&nbsp;<\/p>\n\n\n\n<p>\u00abEl voto no se vende, se respeta y se defiende\u00bb, subray\u00f3 el frente, al considerar que la pr\u00f3xima elecci\u00f3n de rector\u00eda representa una segunda consulta de revocaci\u00f3n de mandato del ejecutivo estatal, en la que se definir\u00e1 el rumbo de la UABJO.<\/p>\n\n\n\n<p>\u00abSi hoy permitimos que el miedo nos gane, ma\u00f1ana no habr\u00e1 ciencia, no habr\u00e1 cr\u00edtica, solo habr\u00e1 ecos de un gobierno autoritario en nuestras aulas\u00bb, apunt\u00f3 Pedro Sosa Guti\u00e9rrez, quien ley\u00f3 el pronunciamiento.<\/p>\n\n\n\n<p>El Frente Democr\u00e1tico en Defensa de la Autonom\u00eda Universitaria fue presentado hace dos semanas y de acuerdo con sus integrantes abarca a diferentes escuelas y sindicatos de la UABJO.<\/p>\n\n\n\n<p>En este tiempo ha denunciado la intromisi\u00f3n del gobierno de en la vida universitaria, as\u00ed como actos anticipados de campa\u00f1a del ex secretario de Finanzas, Farid Acevedo, pues a\u00fan no se han iniciado el proceso de postulaci\u00f3n rumbo a la elecci\u00f3n.<\/p>\n\n\n\n<p>Tambi\u00e9n ha acusado al actual rector, Cristian Carre\u00f1o, de entregar la universidad a cambio de impunidad.<\/p>\n\n\n\n<p>Rumbo a la elecci\u00f3n de la rector\u00eda, la Comisi\u00f3n Electoral del Consejo Universitario de la UABJO ha llamado a las y los aspirantes al cargo de rector para el periodo 2026-2030 a abstenerse de realizar cualquier actividad p\u00fablico de proselitismo previo a la publicaci\u00f3n de la convocatoria correspondiente.<\/p>\n\n\n\n<p>Con base en la Ley Org\u00e1nica de la UABJO, tambi\u00e9n explic\u00f3 que los aspirantes deben evitar el uso de lemas, emblemas, logos, escudos, programas o logros institucionales con fines electorales y los llam\u00f3 a retirar su propaganda de todos los medios.<\/p>\n\n\n\n<figure class=\"wp-block-embed is-type-rich is-provider-twitter wp-block-embed-twitter\"><div class=\"wp-block-embed__wrapper\">\n<div class=\"twitter-tweet\"><blockquote class=\"twitter-tweet\" data-lang=\"es\"><p lang=\"es\" dir=\"ltr\"><a href=\"https:\/\/twitter.com\/hashtag\/AlMomento?src=hash&amp;ref_src=twsrc%5Etfw\">#AlMomento<\/a><br>Integrantes del Frente Universitario anunciaron que al menos 27 catedr\u00e1ticos presentaron un amparo ante posibles detenciones y actos de represi\u00f3n por parte de rector\u00eda y del Estado. <br><br>Los aglutinados en respaldo al doctor Enrique Mart\u00ednez Mart\u00ednez, reiter\u00f3 esta ma\u00f1ana\u2026 <a href=\"https:\/\/t.co\/8GDZeqrM10\">pic.twitter.com\/8GDZeqrM10<\/a><\/p>&mdash; Zona Roja Oaxaca (@ZonaRoja_Oaxaca) <a href=\"https:\/\/twitter.com\/ZonaRoja_Oaxaca\/status\/2048784601393320451?ref_src=twsrc%5Etfw\">27 de abril de 2026<\/a><\/blockquote><\/div>\n<\/div><\/figure>\n","protected":false},"excerpt":{"rendered":"<p>Lisbeth Mej\u00eda Reyes\/Zona Roja. Oaxaca, Oax., a 27 de abril de 2026.- Al denunciar que&hellip;<\/p>\n","protected":false},"author":2,"featured_media":92723,"comment_status":"closed","ping_status":"open","sticky":false,"template":"","format":"standard","meta":{"_lmt_disableupdate":"","_lmt_disable":"","_jetpack_memberships_contains_paid_content":false,"footnotes":""},"categories":[109,46],"tags":[755,4784],"class_list":["post-92722","post","type-post","status-publish","format-standard","has-post-thumbnail","hentry","category-minuto-a-minuto","category-zona-blanca","tag-direccion-de-equidad-y-genero-uabjo","tag-frente-democratico-en-defensa-de-la-autonomia-universitaria"],"jetpack_featured_media_url":"https:\/\/zonaroja.com.mx\/wp-content\/uploads\/2026\/04\/Conferencia-frente-universitario-Enrique-Martine.jpg","jetpack_sharing_enabled":true,"_links":{"self":[{"href":"https:\/\/zonaroja.com.mx\/index.php?rest_route=\/wp\/v2\/posts\/92722","targetHints":{"allow":["GET"]}}],"collection":[{"href":"https:\/\/zonaroja.com.mx\/index.php?rest_route=\/wp\/v2\/posts"}],"about":[{"href":"https:\/\/zonaroja.com.mx\/index.php?rest_route=\/wp\/v2\/types\/post"}],"author":[{"embeddable":true,"href":"https:\/\/zonaroja.com.mx\/index.php?rest_route=\/wp\/v2\/users\/2"}],"replies":[{"embeddable":true,"href":"https:\/\/zonaroja.com.mx\/index.php?rest_route=%2Fwp%2Fv2%2Fcomments&post=92722"}],"version-history":[{"count":1,"href":"https:\/\/zonaroja.com.mx\/index.php?rest_route=\/wp\/v2\/posts\/92722\/revisions"}],"predecessor-version":[{"id":92724,"href":"https:\/\/zonaroja.com.mx\/index.php?rest_route=\/wp\/v2\/posts\/92722\/revisions\/92724"}],"wp:featuredmedia":[{"embeddable":true,"href":"https:\/\/zonaroja.com.mx\/index.php?rest_route=\/wp\/v2\/media\/92723"}],"wp:attachment":[{"href":"https:\/\/zonaroja.com.mx\/index.php?rest_route=%2Fwp%2Fv2%2Fmedia&parent=92722"}],"wp:term":[{"taxonomy":"category","embeddable":true,"href":"https:\/\/zonaroja.com.mx\/index.php?rest_route=%2Fwp%2Fv2%2Fcategories&post=92722"},{"taxonomy":"post_tag","embeddable":true,"href":"https:\/\/zonaroja.com.mx\/index.php?rest_route=%2Fwp%2Fv2%2Ftags&post=92722"}],"curies":[{"name":"wp","href":"https:\/\/api.w.org\/{rel}","templated":true}]}}