{"id":9273,"date":"2020-02-28T08:00:28","date_gmt":"2020-02-28T14:00:28","guid":{"rendered":"http:\/\/www.zonaroja.com.mx\/?p=9273"},"modified":"2020-02-27T21:55:21","modified_gmt":"2020-02-28T03:55:21","slug":"capacita-el-tribunal-superior-a-145-abogados-en-especializacion-judicial","status":"publish","type":"post","link":"https:\/\/zonaroja.com.mx\/?p=9273","title":{"rendered":"Capacita el Tribunal Superior a 145 abogados en especializaci\u00f3n judicial"},"content":{"rendered":"\n<p>Redacci\u00f3n\/Zona Roja.<\/p>\n\n\n\n<p>Oaxaca de Ju\u00e1rez, Oax., 28 de febrero\nde 2020.- Con la conferencia magistral \u201cEl control de convencionalidad y el\ndi\u00e1logo jurisprudencial en derechos humanos: los desaf\u00edos de la Judicatura\u201d,\nimpartida por la acad\u00e9mica de la UNAM, Fabiola Mart\u00ednez Ram\u00edrez, dio inicio el\nciclo acad\u00e9mico 2020 de los Estudios de Especializaci\u00f3n Judicial del Poder\nJudicial del Estado, al que ingresaron 145 profesionales del derecho.<\/p>\n\n\n\n<p>La tambi\u00e9n acad\u00e9mica en Derecho\nProcesal Constitucional, desarroll\u00f3 una charla ilustrativa y convoc\u00f3 a las y\nlos magistrados, consejeros de la Judicatura, juezas, jueces y funcionarios\njudiciales a fortalecer sus conocimientos sobre los tratados nacionales e\ninternacionales.<\/p>\n\n\n\n<p>Adem\u00e1s de investigar la jurisprudencia\nderivada de la aplicaci\u00f3n de los derechos humanos, pues lo m\u00e1s importante de\n\u00e9stos, dijo, no es el discurso ni las buenas intenciones, sino su efectividad.<\/p>\n\n\n\n<p>En el marco de la inauguraci\u00f3n del\nprograma acad\u00e9mico, desarrollada en el auditorio del Tribunal Superior de\nJusticia, celebr\u00f3 el decidido compromiso del \u00f3rgano de impartici\u00f3n de justicia\nde Oaxaca, de propiciar el di\u00e1logo, para construir bases \u00fatiles que redunden en\nla defensa, protecci\u00f3n y garant\u00eda de los derechos de las personas.<\/p>\n\n\n\n<p>\u201cEl papel del juez nacional es fundamental,\nporque dota del contenido de los derechos y da progresividad a las normas. Con\nherramientas como el control de convencionalidad y el di\u00e1logo jurisprudencial,\ntenemos la inmejorable oportunidad de fortalecer el derecho interno, para\nabonar a la dignidad del cumplimiento de los derechos de las personas\u201d,\npuntualiz\u00f3.<\/p>\n\n\n\n<p>Por su parte, en representaci\u00f3n del\ntitular del Poder Judicial, magistrado Eduardo Pinacho S\u00e1nchez, y acompa\u00f1ado\npor el director de la Escuela Judicial, H\u00e9ctor Humberto V\u00e1squez Quevedo y el\nmagistrado decano, Crescencio Mart\u00ednez Geminiano, el consejero Presidente de la\nComisi\u00f3n de Carrera Judicial del Consejo de la Judicatura, Rogelio Gabriel\nMorales Cervantes, agradeci\u00f3 la participaci\u00f3n de la especialista Fabiola\nMart\u00ednez, en las tareas de profesionalizaci\u00f3n de los funcionarios judiciales.<\/p>\n\n\n\n<p>\u201cLa capacitaci\u00f3n es una pol\u00edtica\np\u00fablica que marca la tendencia del Poder Judicial de seguir mejorando los\nprocesos de transformaci\u00f3n del pensamiento judicial, frente a una sociedad\nvigilante y exigente de sus derechos\u201d, resalt\u00f3.<\/p>\n\n\n\n<p>Los Estudios de Especializaci\u00f3n\nJudicial, al que ingresaron 145 profesionales del derecho en el ciclo acad\u00e9mico\n2020 en las materias Derechos Humanos, Sistema Acusatorio, Derecho Penal\nSustantivo, Derecho Civil Mercantil y Derecho Familiar, se realizan cada a\u00f1o y\nse imparten a trav\u00e9s de la Escuela Judicial.<\/p>\n","protected":false},"excerpt":{"rendered":"<p>Redacci\u00f3n\/Zona Roja. Oaxaca de Ju\u00e1rez, Oax., 28 de febrero de 2020.- Con la conferencia magistral&hellip;<\/p>\n","protected":false},"author":2,"featured_media":9274,"comment_status":"closed","ping_status":"open","sticky":false,"template":"","format":"standard","meta":{"_lmt_disableupdate":"","_lmt_disable":"","_jetpack_memberships_contains_paid_content":false,"footnotes":""},"categories":[109,46],"tags":[223],"class_list":["post-9273","post","type-post","status-publish","format-standard","has-post-thumbnail","hentry","category-minuto-a-minuto","category-zona-blanca","tag-poder-judicial-de-oaxaca"],"jetpack_featured_media_url":"https:\/\/zonaroja.com.mx\/wp-content\/uploads\/2020\/02\/Capacitaci\u00f3n-Poder-Judicial.jpg","jetpack_sharing_enabled":true,"_links":{"self":[{"href":"https:\/\/zonaroja.com.mx\/index.php?rest_route=\/wp\/v2\/posts\/9273","targetHints":{"allow":["GET"]}}],"collection":[{"href":"https:\/\/zonaroja.com.mx\/index.php?rest_route=\/wp\/v2\/posts"}],"about":[{"href":"https:\/\/zonaroja.com.mx\/index.php?rest_route=\/wp\/v2\/types\/post"}],"author":[{"embeddable":true,"href":"https:\/\/zonaroja.com.mx\/index.php?rest_route=\/wp\/v2\/users\/2"}],"replies":[{"embeddable":true,"href":"https:\/\/zonaroja.com.mx\/index.php?rest_route=%2Fwp%2Fv2%2Fcomments&post=9273"}],"version-history":[{"count":1,"href":"https:\/\/zonaroja.com.mx\/index.php?rest_route=\/wp\/v2\/posts\/9273\/revisions"}],"predecessor-version":[{"id":9275,"href":"https:\/\/zonaroja.com.mx\/index.php?rest_route=\/wp\/v2\/posts\/9273\/revisions\/9275"}],"wp:featuredmedia":[{"embeddable":true,"href":"https:\/\/zonaroja.com.mx\/index.php?rest_route=\/wp\/v2\/media\/9274"}],"wp:attachment":[{"href":"https:\/\/zonaroja.com.mx\/index.php?rest_route=%2Fwp%2Fv2%2Fmedia&parent=9273"}],"wp:term":[{"taxonomy":"category","embeddable":true,"href":"https:\/\/zonaroja.com.mx\/index.php?rest_route=%2Fwp%2Fv2%2Fcategories&post=9273"},{"taxonomy":"post_tag","embeddable":true,"href":"https:\/\/zonaroja.com.mx\/index.php?rest_route=%2Fwp%2Fv2%2Ftags&post=9273"}],"curies":[{"name":"wp","href":"https:\/\/api.w.org\/{rel}","templated":true}]}}