{"id":92731,"date":"2026-04-27T21:25:07","date_gmt":"2026-04-28T03:25:07","guid":{"rendered":"https:\/\/zonaroja.com.mx\/?p=92731"},"modified":"2026-04-27T21:25:10","modified_gmt":"2026-04-28T03:25:10","slug":"lunes-de-caos-y-protestas-en-oaxaca-y-de-rechazo-a-hermana-de-benjamin-viveros","status":"publish","type":"post","link":"https:\/\/zonaroja.com.mx\/?p=92731","title":{"rendered":"Lunes de caos y protestas en Oaxaca\u2026 y de rechazo a hermana de Benjam\u00edn Viveros"},"content":{"rendered":"\n<p>Lisbeth Mej\u00eda Reyes\/Zona Roja.<\/p>\n\n\n\n<p>Oaxaca, Oax., a 27 de abril de 2026.- Integrantes del Sindicato Nacional de la Secretar\u00eda de Salud (SNTSA), Secci\u00f3n 35, se manifestaron este lunes en la jurisdicci\u00f3n sanitaria n\u00famero 6 (regi\u00f3n Sierra) de los Servicios de Salud de Oaxaca (SSO), en rechazo al nombramiento de Martha Leticia Viveros Montalvo como jefa de estas oficinas.<\/p>\n\n\n\n<p>Con carteles pegados en la jurisdicci\u00f3n, en Tlacolula de Matamoros, la base trabajadora acus\u00f3 nepotismo en su nombramiento, al ser hermana del diputado local Benjam\u00edn Viveros Montalvo (partido Morena). Adem\u00e1s de se\u00f1alarla por violencia laboral y abuso de poder.<\/p>\n\n\n\n<p>Como esta manifestaci\u00f3n en los valles centrales de Oaxaca, la entidad vivi\u00f3 una jornada de varias protestas. En el \u00e1mbito de la salud y educaci\u00f3n, fueron estudiantes de la Facultad de Medicina y Cirug\u00eda de la Universidad Aut\u00f3noma \u201cBenito Ju\u00e1rez\u201d de Oaxaca (UABJO) quienes comenzaron un paro indefinido en protesta por la p\u00e9rdida de espacios o plazas para el internado m\u00e9dico de pregrado.<\/p>\n\n\n\n<p>Las y los estudiantes responsabilizaron de esta p\u00e9rdida a la doctora Wendy Reyna Gonz\u00e1lez, del \u00e1rea de campos cl\u00ednicos, por su omisi\u00f3n para mantener los espacios en diversos hospitales con los que se hab\u00edan tenido convenios para este paso en su formaci\u00f3n profesional.<\/p>\n\n\n\n<p>Tambi\u00e9n en el \u00e1mbito educativo, otras protestas de este lunes 27 de abril fueron las del personal de la Universidad Tecnol\u00f3gica de los Valles Centrales de Oaxaca (UTVCO), quienes \u201ctomaron\u201d las oficinas de la Secretar\u00eda de Finanzas en el complejo de Ciudad Administrativa para exigir su intervenci\u00f3n en la asignaci\u00f3n de un presupuesto que garantice la certeza laboral que les prometi\u00f3 el gobierno estatal hace casi tres a\u00f1os.<\/p>\n\n\n\n<p>Las y los empleados iniciaron el 15 de abril un paro de labores indefinido y diversas protestas en oficinas gubernamentales para exigir atenci\u00f3n a sus demandas.<\/p>\n\n\n\n<p>En el exterior del Palacio de Gobierno, un grupo de ind\u00edgenas triquis establecidas en la ciudad de Oaxaca protesto para exigir justicia a 16 a\u00f1os del asesinato de Bety Cari\u00f1o y Jyri Jaakola, cuando llevaban ayuda humanitaria a comunidades de la regi\u00f3n Mixteca.<\/p>\n\n\n\n<p>Tambi\u00e9n en los valles centrales, pero en el plantel 39 de San Antonio de la Cal, madres de familia y estudiantes se manifestaron para exigir la permanencia de la extensi\u00f3n en Soledad Etla, pues es un derecho de sus hijos.<\/p>\n\n\n\n<p>EN EL ISTMO<\/p>\n\n\n\n<p>En la regi\u00f3n Istmo, mototaxistas bloquearon por varias horas la carretera Trans\u00edstmica y otros puntos, en Juchit\u00e1n de Zaragoza, al denunciar que el gobierno estatal ha incumplido los acuerdos para la regularizaci\u00f3n de las unidades, al realizar operativos por parte de la Polic\u00eda Estatal, cuando todav\u00eda se est\u00e1 en la etapa de revisi\u00f3n mec\u00e1nica de las unidades.<\/p>\n\n\n\n<p>Los conductores tambi\u00e9n acusaron que se han retenido unidades que s\u00ed est\u00e1n censadas.<\/p>\n\n\n\n<p>La Secretar\u00eda de Movilidad ha se\u00f1alado que va por la regularizaci\u00f3n de las m\u00e1s de 5,600 unidades de este tipo que operan en la ciudad, donde el gobierno estatal ha se\u00f1alado uja saturaci\u00f3n de este transporte.<\/p>\n","protected":false},"excerpt":{"rendered":"<p>Lisbeth Mej\u00eda Reyes\/Zona Roja. Oaxaca, Oax., a 27 de abril de 2026.- Integrantes del Sindicato&hellip;<\/p>\n","protected":false},"author":2,"featured_media":92732,"comment_status":"closed","ping_status":"open","sticky":false,"template":"","format":"standard","meta":{"_lmt_disableupdate":"","_lmt_disable":"","_jetpack_memberships_contains_paid_content":false,"footnotes":""},"categories":[1],"tags":[],"class_list":["post-92731","post","type-post","status-publish","format-standard","has-post-thumbnail","hentry","category-sin-categoria"],"jetpack_featured_media_url":"https:\/\/zonaroja.com.mx\/wp-content\/uploads\/2026\/04\/Protestas-en-Oaxaca-lunes-27-de-abril.jpg","jetpack_sharing_enabled":true,"_links":{"self":[{"href":"https:\/\/zonaroja.com.mx\/index.php?rest_route=\/wp\/v2\/posts\/92731","targetHints":{"allow":["GET"]}}],"collection":[{"href":"https:\/\/zonaroja.com.mx\/index.php?rest_route=\/wp\/v2\/posts"}],"about":[{"href":"https:\/\/zonaroja.com.mx\/index.php?rest_route=\/wp\/v2\/types\/post"}],"author":[{"embeddable":true,"href":"https:\/\/zonaroja.com.mx\/index.php?rest_route=\/wp\/v2\/users\/2"}],"replies":[{"embeddable":true,"href":"https:\/\/zonaroja.com.mx\/index.php?rest_route=%2Fwp%2Fv2%2Fcomments&post=92731"}],"version-history":[{"count":1,"href":"https:\/\/zonaroja.com.mx\/index.php?rest_route=\/wp\/v2\/posts\/92731\/revisions"}],"predecessor-version":[{"id":92733,"href":"https:\/\/zonaroja.com.mx\/index.php?rest_route=\/wp\/v2\/posts\/92731\/revisions\/92733"}],"wp:featuredmedia":[{"embeddable":true,"href":"https:\/\/zonaroja.com.mx\/index.php?rest_route=\/wp\/v2\/media\/92732"}],"wp:attachment":[{"href":"https:\/\/zonaroja.com.mx\/index.php?rest_route=%2Fwp%2Fv2%2Fmedia&parent=92731"}],"wp:term":[{"taxonomy":"category","embeddable":true,"href":"https:\/\/zonaroja.com.mx\/index.php?rest_route=%2Fwp%2Fv2%2Fcategories&post=92731"},{"taxonomy":"post_tag","embeddable":true,"href":"https:\/\/zonaroja.com.mx\/index.php?rest_route=%2Fwp%2Fv2%2Ftags&post=92731"}],"curies":[{"name":"wp","href":"https:\/\/api.w.org\/{rel}","templated":true}]}}