{"id":92734,"date":"2026-04-27T21:30:41","date_gmt":"2026-04-28T03:30:41","guid":{"rendered":"https:\/\/zonaroja.com.mx\/?p=92734"},"modified":"2026-04-27T21:35:26","modified_gmt":"2026-04-28T03:35:26","slug":"detencion-de-lider-del-cjng-desata-violencia-en-nayarit-piden-a-poblacion-no-salir","status":"publish","type":"post","link":"https:\/\/zonaroja.com.mx\/?p=92734","title":{"rendered":"Detenci\u00f3n de l\u00edder del CJNG desata violencia en Nayarit; piden a poblaci\u00f3n no salir"},"content":{"rendered":"\n<p>Redacci\u00f3n\/Zona Roja Cdmx.<\/p>\n\n\n\n<p>(Informaci\u00f3n de \u201cEl Financiero\u201d)<\/p>\n\n\n\n<p>Ciudad de M\u00e9xico, a 27 de abril de 2026.- Reportes de incidentes en distintos puntos de Nayarit, principalmente en el municipio de Tecuala, se registraron tras la detenci\u00f3n de Audias Flores Silva, alias \u2018El Jardinero\u2018, y su operador financiero, informada por el secretario de Seguridad y Protecci\u00f3n Ciudadana, Omar Garc\u00eda Harfuch.<\/p>\n\n\n\n<p>De acuerdo con versiones difundidas a nivel local, en Tecuala se report\u00f3 la quema de un negocio en la calle M\u00e9xico esquina con Iturbide, as\u00ed como detonaciones de arma de fuego en la cabecera municipal. La informaci\u00f3n ha sido se\u00f1alada como preliminar y sin un balance oficial detallado.<\/p>\n\n\n\n<p>Ante las detenciones de los capos del CJNG, el Gobierno del Estado de Nayarit inform\u00f3 que mantiene coordinaci\u00f3n con autoridades federales y municipales para atender la situaci\u00f3n. \u201cLas autoridades de los tres \u00f3rdenes de gobierno mantienen acciones operativas y de prevenci\u00f3n para salvaguardar la paz y la tranquilidad social en la entidad\u201d, indic\u00f3 en un comunicado.<\/p>\n\n\n\n<p>Adem\u00e1s, llam\u00f3 a la poblaci\u00f3n a evitar la difusi\u00f3n de informaci\u00f3n no verificada y a resguardarse de manera preventiva. \u201cSe invita a la ciudadan\u00eda a resguardarse en sus hogares y evitar salir de no ser necesario\u201d, se\u00f1al\u00f3.<\/p>\n\n\n\n<p>A nivel municipal, distintos ayuntamientos emitieron llamados similares, tal como ocurri\u00f3 cuando fue detenido Nemesio Oseguera Cervantes.<\/p>\n\n\n\n<p>En Tecuala, la autoridad exhort\u00f3 a la poblaci\u00f3n a no salir de sus viviendas. \u201cSe exhorta a toda la poblaci\u00f3n a permanecer en sus hogares y evitar salir a las calles hasta que las autoridades indiquen que la situaci\u00f3n est\u00e9 controlada\u201d, inform\u00f3.<\/p>\n\n\n\n<p>En Ahuacatl\u00e1n, el gobierno municipal recomend\u00f3 evitar traslados no esenciales y mantenerse informados a trav\u00e9s de canales oficiales, mientras que en Santa Mar\u00eda del Oro se pidi\u00f3 \u201cmantener la calma y permanecer en sus hogares hasta nuevo aviso\u201d.<\/p>\n\n\n\n<p>Por su parte, el gobierno de Tepic inform\u00f3 que mantiene coordinaci\u00f3n con instancias estatales y federales para reforzar la seguridad en la capital. \u201cA esta hora, se han reforzado los mecanismos de vigilancia y prevenci\u00f3n en la capital, bajo la coordinaci\u00f3n de las autoridades estatales y federales con el objetivo de salvaguardar la integridad de las familias tepicenses\u201d, se\u00f1al\u00f3.<\/p>\n\n\n\n<p>Asimismo, llam\u00f3 a la ciudadan\u00eda a mantenerse informada por v\u00edas oficiales. \u201cHacemos un llamado a la ciudadan\u00eda a mantener la calma, informarse a trav\u00e9s de canales oficiales y permanecer atenta a cualquier actualizaci\u00f3n\u201d, indic\u00f3.<\/p>\n","protected":false},"excerpt":{"rendered":"<p>Redacci\u00f3n\/Zona Roja Cdmx. (Informaci\u00f3n de \u201cEl Financiero\u201d) Ciudad de M\u00e9xico, a 27 de abril de&hellip;<\/p>\n","protected":false},"author":2,"featured_media":92735,"comment_status":"closed","ping_status":"open","sticky":false,"template":"","format":"standard","meta":{"_lmt_disableupdate":"","_lmt_disable":"","_jetpack_memberships_contains_paid_content":false,"footnotes":""},"categories":[109,47],"tags":[4785],"class_list":["post-92734","post","type-post","status-publish","format-standard","has-post-thumbnail","hentry","category-minuto-a-minuto","category-zona-gris","tag-audias-flores-el-jardinero"],"jetpack_featured_media_url":"https:\/\/zonaroja.com.mx\/wp-content\/uploads\/2026\/04\/DEtencion-de-el-jardinero-Nayarit.jpg","jetpack_sharing_enabled":true,"_links":{"self":[{"href":"https:\/\/zonaroja.com.mx\/index.php?rest_route=\/wp\/v2\/posts\/92734","targetHints":{"allow":["GET"]}}],"collection":[{"href":"https:\/\/zonaroja.com.mx\/index.php?rest_route=\/wp\/v2\/posts"}],"about":[{"href":"https:\/\/zonaroja.com.mx\/index.php?rest_route=\/wp\/v2\/types\/post"}],"author":[{"embeddable":true,"href":"https:\/\/zonaroja.com.mx\/index.php?rest_route=\/wp\/v2\/users\/2"}],"replies":[{"embeddable":true,"href":"https:\/\/zonaroja.com.mx\/index.php?rest_route=%2Fwp%2Fv2%2Fcomments&post=92734"}],"version-history":[{"count":1,"href":"https:\/\/zonaroja.com.mx\/index.php?rest_route=\/wp\/v2\/posts\/92734\/revisions"}],"predecessor-version":[{"id":92736,"href":"https:\/\/zonaroja.com.mx\/index.php?rest_route=\/wp\/v2\/posts\/92734\/revisions\/92736"}],"wp:featuredmedia":[{"embeddable":true,"href":"https:\/\/zonaroja.com.mx\/index.php?rest_route=\/wp\/v2\/media\/92735"}],"wp:attachment":[{"href":"https:\/\/zonaroja.com.mx\/index.php?rest_route=%2Fwp%2Fv2%2Fmedia&parent=92734"}],"wp:term":[{"taxonomy":"category","embeddable":true,"href":"https:\/\/zonaroja.com.mx\/index.php?rest_route=%2Fwp%2Fv2%2Fcategories&post=92734"},{"taxonomy":"post_tag","embeddable":true,"href":"https:\/\/zonaroja.com.mx\/index.php?rest_route=%2Fwp%2Fv2%2Ftags&post=92734"}],"curies":[{"name":"wp","href":"https:\/\/api.w.org\/{rel}","templated":true}]}}