{"id":92738,"date":"2026-04-28T07:15:00","date_gmt":"2026-04-28T13:15:00","guid":{"rendered":"https:\/\/zonaroja.com.mx\/?p=92738"},"modified":"2026-04-28T06:54:10","modified_gmt":"2026-04-28T12:54:10","slug":"registra-cuilapam-oaxaca-dos-asesinados-en-menos-de-una-semana","status":"publish","type":"post","link":"https:\/\/zonaroja.com.mx\/?p=92738","title":{"rendered":"Registra Cuil\u00e1pam, Oaxaca, dos asesinados en menos de una semana"},"content":{"rendered":"\n<p>Raymundo Morales\/Zona Roja.<\/p>\n\n\n\n<p>Oaxaca, Oaxaca., a 28 de abril de 2026.- Una persona del sexo masculino fue asesinada a balazos la madrugada de ayer en Cuil\u00e1pam de Guerrero, municipio de la zona metropolitana de la ciudad de Oaxaca.<\/p>\n\n\n\n<p>Con ese caso, suman dos cr\u00edmenes que ocurren en esa demarcaci\u00f3n, pues el pasado mi\u00e9rcoles 22 de abril fue ultimado otro individuo, en la misma zona del m\u00e1s reciente hecho.<\/p>\n\n\n\n<p>Cerca de las dos de la madrugada de este lunes, al menos dos sujetos tocaron a la puerta de su v\u00edctima, en la avenida M\u00e9dico Militar, tras lo cual le dispararon de manera directa y huyeron.<\/p>\n\n\n\n<p>El hoy occiso fue identificado como Daniel \u201cN\u201d, due\u00f1o del bar \u201cLas Micheladas\u201d y hasta el momento se desconoce el m\u00f3vil del asesinato, el cual ya es investigado por personal de la Fiscal\u00eda General del Estado de Oaxaca.<\/p>\n\n\n\n<p>Cabe mencionar que apenas el pasado mi\u00e9rcoles y en la misma vialidad, carretera que conecta a Santa Cruz Xoxocotl\u00e1n con Cuil\u00e1pam, se registr\u00f3 otro homicidio, de quien fue identificado como Eduardo E.<\/p>\n\n\n\n<p>Por otra parte, en Juchit\u00e1n de Zaragoza, la violencia armada regres\u00f3 ayer, pese a los operativos policiacos de los tres niveles de gobierno.<\/p>\n\n\n\n<p>Sobre la carretera Panamericana, a la altura de la colonia 15 de Septiembre de ese municipio istme\u00f1o, sujetos armados rafaguearon una camioneta de color negro marca Mitsubishi, tipo Outlander, tras lo cual huyeron.<\/p>\n\n\n\n<p>Sin embargo, seg\u00fan las primeras informaciones, el conductor puso a salvo su vida y no recibi\u00f3 ning\u00fan impacto de arma de fuego; en este caso, el Gabinete de Seguridad no ha dado a conocer ning\u00fan informe como tampoco las razones por las cuales han fallado los operativos policiacos.<\/p>\n","protected":false},"excerpt":{"rendered":"<p>Raymundo Morales\/Zona Roja. Oaxaca, Oaxaca., a 28 de abril de 2026.- Una persona del sexo&hellip;<\/p>\n","protected":false},"author":2,"featured_media":91125,"comment_status":"closed","ping_status":"open","sticky":false,"template":"","format":"standard","meta":{"_lmt_disableupdate":"","_lmt_disable":"","_jetpack_memberships_contains_paid_content":false,"footnotes":""},"categories":[109,51],"tags":[1719],"class_list":["post-92738","post","type-post","status-publish","format-standard","has-post-thumbnail","hentry","category-minuto-a-minuto","category-zona-roja","tag-cuilapam-de-guerrero"],"jetpack_featured_media_url":"https:\/\/zonaroja.com.mx\/wp-content\/uploads\/2026\/03\/Escena-del-crimen.png.jpeg","jetpack_sharing_enabled":true,"_links":{"self":[{"href":"https:\/\/zonaroja.com.mx\/index.php?rest_route=\/wp\/v2\/posts\/92738","targetHints":{"allow":["GET"]}}],"collection":[{"href":"https:\/\/zonaroja.com.mx\/index.php?rest_route=\/wp\/v2\/posts"}],"about":[{"href":"https:\/\/zonaroja.com.mx\/index.php?rest_route=\/wp\/v2\/types\/post"}],"author":[{"embeddable":true,"href":"https:\/\/zonaroja.com.mx\/index.php?rest_route=\/wp\/v2\/users\/2"}],"replies":[{"embeddable":true,"href":"https:\/\/zonaroja.com.mx\/index.php?rest_route=%2Fwp%2Fv2%2Fcomments&post=92738"}],"version-history":[{"count":1,"href":"https:\/\/zonaroja.com.mx\/index.php?rest_route=\/wp\/v2\/posts\/92738\/revisions"}],"predecessor-version":[{"id":92739,"href":"https:\/\/zonaroja.com.mx\/index.php?rest_route=\/wp\/v2\/posts\/92738\/revisions\/92739"}],"wp:featuredmedia":[{"embeddable":true,"href":"https:\/\/zonaroja.com.mx\/index.php?rest_route=\/wp\/v2\/media\/91125"}],"wp:attachment":[{"href":"https:\/\/zonaroja.com.mx\/index.php?rest_route=%2Fwp%2Fv2%2Fmedia&parent=92738"}],"wp:term":[{"taxonomy":"category","embeddable":true,"href":"https:\/\/zonaroja.com.mx\/index.php?rest_route=%2Fwp%2Fv2%2Fcategories&post=92738"},{"taxonomy":"post_tag","embeddable":true,"href":"https:\/\/zonaroja.com.mx\/index.php?rest_route=%2Fwp%2Fv2%2Ftags&post=92738"}],"curies":[{"name":"wp","href":"https:\/\/api.w.org\/{rel}","templated":true}]}}