{"id":92740,"date":"2026-04-28T08:15:00","date_gmt":"2026-04-28T14:15:00","guid":{"rendered":"https:\/\/zonaroja.com.mx\/?p=92740"},"modified":"2026-04-28T07:37:30","modified_gmt":"2026-04-28T13:37:30","slug":"anuncian-detencion-de-homicida-de-hijo-de-funcionario-y-dos-jovenes-mas","status":"publish","type":"post","link":"https:\/\/zonaroja.com.mx\/?p=92740","title":{"rendered":"Anuncian detenci\u00f3n de homicida de hijo de funcionario y dos j\u00f3venes m\u00e1s"},"content":{"rendered":"\n<p>Ismael Garc\u00eda M.\/Zona Roja.<\/p>\n\n\n\n<p>Oaxaca, Oaxaca., a 28 de abril de 2026.- La Fiscal\u00eda General del Estado de Oaxaca anunci\u00f3 anoche la detenci\u00f3n de una persona como probable autor del triple homicidio de j\u00f3venes en Juchit\u00e1n de Zaragoza, entre ellos el hijo de un funcionario estatal, a 10 d\u00edas de los hechos.<\/p>\n\n\n\n<p>Se trata de Lugger O. S., identificado como \u201cEl Lugger\u201d, quien ser\u00eda el principal criminal que dispar\u00f3 el pasado 18 de abril en contra de los j\u00f3venes reunidos con un grupo de mototaxistas, en la calle David L\u00f3pez Nelio esquina con avenida Francisco Toledo, colonia Gustavo Pineda.<\/p>\n\n\n\n<p>Las v\u00edctimas fueron identificadas en su momento como H\u00e9ctor J. S. M., Erick C. M. y David L. V., este \u00faltimo hijo de Angelino L\u00f3pez, subsecretario de Gobierno, y sobrino de Jes\u00fas Romero L\u00f3pez, secretario de Gobierno del estado.<\/p>\n\n\n\n<p>En un comunicado emitido la ma\u00f1ana de este martes, la instituci\u00f3n que encabeza Bernardo Rodr\u00edguez Alamilla expuso que la investigaci\u00f3n criminal se fundament\u00f3 en el uso de tecnolog\u00eda. <\/p>\n\n\n\n<p>\u00abEspecialistas de la Fiscal\u00eda lograron la vinculaci\u00f3n del imputado mediante el an\u00e1lisis de datos de geolocalizaci\u00f3n y la intervenci\u00f3n estrat\u00e9gica de una cuenta bancaria vinculada al caso, lo que permiti\u00f3 trazar una ruta cient\u00edfica sobre su participaci\u00f3n en el multihomicidio.<\/p>\n\n\n\n<p>\u00abEste golpe a la impunidad es resultado de la operatividad conjunta entre la Fiscal\u00eda General del Estado (FGEO), la Agencia Estatal de Investigaciones (AEI), la Secretar\u00eda de la Defensa Nacional (Defensa), la Secretar\u00eda de Marina (Semar), la Guardia Nacional, la Secretar\u00eda de Seguridad y Protecci\u00f3n Ciudadana (SSPC), el C5i, la Polic\u00eda Estatal y la Polic\u00eda Vial.<\/p>\n\n\n\n<p>\u00abLa Fiscal\u00eda de Oaxaca informa que, derivado de esta detenci\u00f3n, se han recabado nuevas pistas y datos de inteligencia que permiten avanzar en la identificaci\u00f3n de otras personas que habr\u00edan participado en la autor\u00eda material de este crimen que vulner\u00f3 a la juventud juchiteca\u00bb.<\/p>\n\n\n\n<p>En su momento, los hechos impactaron a la opini\u00f3n publica por tratarse de j\u00f3venes y por ser uno de ellos familiar de un alto rango en la administraci\u00f3n estatal que preside Salom\u00f3n Jara Cruz.<\/p>\n\n\n\n<p>Tras ello, de nueva cuenta, el Gabinete de Seguridad gubernamental implement\u00f3 un en\u00e9simo megaoperativo de seguridad, que incluye la revisi\u00f3n de la situaci\u00f3n de los mototaxistas.<\/p>\n","protected":false},"excerpt":{"rendered":"<p>Ismael Garc\u00eda M.\/Zona Roja. Oaxaca, Oaxaca., a 28 de abril de 2026.- La Fiscal\u00eda General&hellip;<\/p>\n","protected":false},"author":2,"featured_media":92743,"comment_status":"closed","ping_status":"open","sticky":false,"template":"","format":"standard","meta":{"_lmt_disableupdate":"","_lmt_disable":"","_jetpack_memberships_contains_paid_content":false,"footnotes":""},"categories":[1],"tags":[],"class_list":["post-92740","post","type-post","status-publish","format-standard","has-post-thumbnail","hentry","category-sin-categoria"],"jetpack_featured_media_url":"https:\/\/zonaroja.com.mx\/wp-content\/uploads\/2026\/04\/El-Lugger-detenido-Istmo-triple-homicidio-jovenes.jpg","jetpack_sharing_enabled":true,"_links":{"self":[{"href":"https:\/\/zonaroja.com.mx\/index.php?rest_route=\/wp\/v2\/posts\/92740","targetHints":{"allow":["GET"]}}],"collection":[{"href":"https:\/\/zonaroja.com.mx\/index.php?rest_route=\/wp\/v2\/posts"}],"about":[{"href":"https:\/\/zonaroja.com.mx\/index.php?rest_route=\/wp\/v2\/types\/post"}],"author":[{"embeddable":true,"href":"https:\/\/zonaroja.com.mx\/index.php?rest_route=\/wp\/v2\/users\/2"}],"replies":[{"embeddable":true,"href":"https:\/\/zonaroja.com.mx\/index.php?rest_route=%2Fwp%2Fv2%2Fcomments&post=92740"}],"version-history":[{"count":2,"href":"https:\/\/zonaroja.com.mx\/index.php?rest_route=\/wp\/v2\/posts\/92740\/revisions"}],"predecessor-version":[{"id":92748,"href":"https:\/\/zonaroja.com.mx\/index.php?rest_route=\/wp\/v2\/posts\/92740\/revisions\/92748"}],"wp:featuredmedia":[{"embeddable":true,"href":"https:\/\/zonaroja.com.mx\/index.php?rest_route=\/wp\/v2\/media\/92743"}],"wp:attachment":[{"href":"https:\/\/zonaroja.com.mx\/index.php?rest_route=%2Fwp%2Fv2%2Fmedia&parent=92740"}],"wp:term":[{"taxonomy":"category","embeddable":true,"href":"https:\/\/zonaroja.com.mx\/index.php?rest_route=%2Fwp%2Fv2%2Fcategories&post=92740"},{"taxonomy":"post_tag","embeddable":true,"href":"https:\/\/zonaroja.com.mx\/index.php?rest_route=%2Fwp%2Fv2%2Ftags&post=92740"}],"curies":[{"name":"wp","href":"https:\/\/api.w.org\/{rel}","templated":true}]}}