{"id":92742,"date":"2026-04-28T09:15:00","date_gmt":"2026-04-28T15:15:00","guid":{"rendered":"https:\/\/zonaroja.com.mx\/?p=92742"},"modified":"2026-04-28T07:33:31","modified_gmt":"2026-04-28T13:33:31","slug":"respaldan-dif-nacional-y-estatal-a-municipios-con-inversion-de-mil-310-mdp","status":"publish","type":"post","link":"https:\/\/zonaroja.com.mx\/?p=92742","title":{"rendered":"Respaldan DIF nacional y estatal a municipios, con inversi\u00f3n de mil 310 mdp"},"content":{"rendered":"\n<p>Redacci\u00f3n\/Zona Roja.<\/p>\n\n\n\n<p>Oaxaca, Oax., a 28 de abril de 2026.- El Gobierno del Estado, a trav\u00e9s del Sistema Estatal para el Desarrollo Integral de la Familia (DIF Oaxaca), sign\u00f3 un convenio de colaboraci\u00f3n para la Atenci\u00f3n a Grupos Prioritarios con 539 municipios de la entidad, en materia de alimentaci\u00f3n y desarrollo comunitario a estos sectores de la poblaci\u00f3n.<\/p>\n\n\n\n<p>El&nbsp; mandatario Salom\u00f3n Jara Cruz, la titular del Sistema Nacional DIF (SNDIF), Mar\u00eda del Roc\u00edo Garc\u00eda P\u00e9rez, y la presidenta honoraria del Sistema DIF Oaxaca Irma Bola\u00f1os Quijano, atestiguaron esta alianza, la cual es respaldada por una inversi\u00f3n de mil 310 millones de pesos, de los cuales mil 99 millones son inversi\u00f3n federal y 210 millones de pesos estatal.<\/p>\n\n\n\n<p>El gobernador refiri\u00f3 que con esta acci\u00f3n, enmarcada en la Estrategia Integral de Asistencia Social, Alimentaci\u00f3n y Desarrollo Comunitario (EIASADC), se establece un acuerdo de voluntades para atender a quienes hist\u00f3ricamente han sido relegados, como ni\u00f1as, ni\u00f1os, personas mayores, con discapacidad y familias en situaci\u00f3n de vulnerabilidad.&nbsp;<\/p>\n\n\n\n<p>\u201cHoy damos un paso adelante en la construcci\u00f3n de un estado m\u00e1s solidario y humano\u201d, destac\u00f3 ante autoridades y comit\u00e9s del DIF municipales de la entidad, cuyas acciones se implementar\u00e1n en los programas Desayuno de Letritas, Itacate de mi Coraz\u00f3n, Latido Nutritivo, Alimentaci\u00f3n Solidaria, de Salud y Bienestar Comunitario, as\u00ed como, el subprograma Guisos de mi Pueblo.<\/p>\n\n\n\n<p>En su oportunidad la titular del Sistema Nacional DIF reconoci\u00f3 el compromiso del mandatario Jara Cruz por los recursos brindados, los cuales representan los m\u00e1s numerosos del pa\u00eds para la alimentaci\u00f3n y bienestar de los grupos vulnerables.<\/p>\n\n\n\n<p>En tanto la Presidenta Honoraria del Sistema DIF Oaxaca indic\u00f3 que con esta acci\u00f3n se consolida una pol\u00edtica estatal de atenci\u00f3n social que prioriza a las familias y comunidades, en la que se promueve una vida digna para todas y todos. \u201cHoy sembramos posibilidades que se convierten en oportunidades\u201d, resalt\u00f3.<\/p>\n\n\n\n<p>AMPL\u00cdAN CENTRO AUTISTA<\/p>\n\n\n\n<p>En otro acto, el Gobernador del Estado y la presidenta honoraria del Sistema para el Desarrollo Integral de la Familia (DIF) Oaxaca inauguraron la ampliaci\u00f3n del Centro de Autismo \u201cYela to Bidao\u201d, que requiri\u00f3 una inversi\u00f3n de m\u00e1s de 13 millones 900 mil pesos.<\/p>\n\n\n\n<p>Al cortar el list\u00f3n de inauguraci\u00f3n, Irma Bola\u00f1os Quijano detall\u00f3 que este espacio ahora cuenta con una c\u00e1mara sensorial y nueve aulas nuevas para brindar terapias. Asimismo, reconoci\u00f3 el trabajo que todas las personas del Sistema DIF brindan para garantizar una atenci\u00f3n cercana y humana.<\/p>\n\n\n\n<p>Al respecto, la titular del Sistema Nacional del DIF, Mar\u00eda del Roc\u00edo Garc\u00eda P\u00e9rez destac\u00f3 que esta acci\u00f3n refleja el profundo compromiso de la Primavera Oaxaque\u00f1a con el acceso y garant\u00eda de los derechos fundamentales de la ni\u00f1ez, prioridades del Gobierno Federal.<\/p>\n\n\n\n<p>Esta ampliaci\u00f3n se realiz\u00f3 en coinversi\u00f3n, el Gobierno del Estado aport\u00f3 nueve millones 413 mil 322 pesos; el DIF Oaxaca contribuy\u00f3 con cuatro millones; y el DIF Nacional dio un total de 541 mil 319 pesos.<\/p>\n\n\n\n<p>Con la intervenci\u00f3n de este inmueble se proyecta atender de manera integral y gratuita a m\u00e1s de 800 ni\u00f1as y ni\u00f1os que viven con Trastorno del Espectro Autista, superando el acompa\u00f1amiento a 419 infancias en los dos a\u00f1os anteriores.<\/p>\n\n\n\n<p>Asimismo, se anunci\u00f3 la creaci\u00f3n de 11 nuevos centros de atenci\u00f3n al autismo en diferentes municipios de la entidad a fin de acercar estos servicios a todos los rincones.&nbsp;<\/p>\n","protected":false},"excerpt":{"rendered":"<p>Redacci\u00f3n\/Zona Roja. Oaxaca, Oax., a 28 de abril de 2026.- El Gobierno del Estado, a&hellip;<\/p>\n","protected":false},"author":2,"featured_media":92745,"comment_status":"closed","ping_status":"open","sticky":false,"template":"","format":"standard","meta":{"_lmt_disableupdate":"","_lmt_disable":"","_jetpack_memberships_contains_paid_content":false,"footnotes":""},"categories":[1],"tags":[],"class_list":["post-92742","post","type-post","status-publish","format-standard","has-post-thumbnail","hentry","category-sin-categoria"],"jetpack_featured_media_url":"https:\/\/zonaroja.com.mx\/wp-content\/uploads\/2026\/04\/Salomon-Jara-actividades-DIF.jpg","jetpack_sharing_enabled":true,"_links":{"self":[{"href":"https:\/\/zonaroja.com.mx\/index.php?rest_route=\/wp\/v2\/posts\/92742","targetHints":{"allow":["GET"]}}],"collection":[{"href":"https:\/\/zonaroja.com.mx\/index.php?rest_route=\/wp\/v2\/posts"}],"about":[{"href":"https:\/\/zonaroja.com.mx\/index.php?rest_route=\/wp\/v2\/types\/post"}],"author":[{"embeddable":true,"href":"https:\/\/zonaroja.com.mx\/index.php?rest_route=\/wp\/v2\/users\/2"}],"replies":[{"embeddable":true,"href":"https:\/\/zonaroja.com.mx\/index.php?rest_route=%2Fwp%2Fv2%2Fcomments&post=92742"}],"version-history":[{"count":1,"href":"https:\/\/zonaroja.com.mx\/index.php?rest_route=\/wp\/v2\/posts\/92742\/revisions"}],"predecessor-version":[{"id":92746,"href":"https:\/\/zonaroja.com.mx\/index.php?rest_route=\/wp\/v2\/posts\/92742\/revisions\/92746"}],"wp:featuredmedia":[{"embeddable":true,"href":"https:\/\/zonaroja.com.mx\/index.php?rest_route=\/wp\/v2\/media\/92745"}],"wp:attachment":[{"href":"https:\/\/zonaroja.com.mx\/index.php?rest_route=%2Fwp%2Fv2%2Fmedia&parent=92742"}],"wp:term":[{"taxonomy":"category","embeddable":true,"href":"https:\/\/zonaroja.com.mx\/index.php?rest_route=%2Fwp%2Fv2%2Fcategories&post=92742"},{"taxonomy":"post_tag","embeddable":true,"href":"https:\/\/zonaroja.com.mx\/index.php?rest_route=%2Fwp%2Fv2%2Ftags&post=92742"}],"curies":[{"name":"wp","href":"https:\/\/api.w.org\/{rel}","templated":true}]}}