{"id":92749,"date":"2026-04-28T10:15:00","date_gmt":"2026-04-28T16:15:00","guid":{"rendered":"https:\/\/zonaroja.com.mx\/?p=92749"},"modified":"2026-04-28T07:39:49","modified_gmt":"2026-04-28T13:39:49","slug":"ocupa-oaxaca-primer-lugar-en-inflacion-anual-en-el-pais-durante-abril","status":"publish","type":"post","link":"https:\/\/zonaroja.com.mx\/?p=92749","title":{"rendered":"Ocupa Oaxaca primer lugar en inflaci\u00f3n anual en el pa\u00eds durante abril"},"content":{"rendered":"\n<p>Lisbeth Mej\u00eda Reyes\/Zona Roja.<\/p>\n\n\n\n<p>Oaxaca, Oax., a 28 de abril de 2026.- El aumento sostenido y generalizado de los precios de bienes y servicios (inflaci\u00f3n) coloc\u00f3 a la entidad en el primer lugar nacional, de acuerdo con el centro de an\u00e1lisis \u201cM\u00e9xico, \u00bfc\u00f3mo vamos?\u201d.<\/p>\n\n\n\n<p>En su reciente reporte sobre la inflaci\u00f3n en M\u00e9xico, el centro de estudios y an\u00e1lisis de informaci\u00f3n se\u00f1al\u00f3 que a nivel nacional la inflaci\u00f3n en la primera quincena de abril fue de 4.53%, una reducci\u00f3n respecto al 4.63% observado en la primera quincena de marzo.<\/p>\n\n\n\n<p>Sin embargo, para estados como Oaxaca la inflaci\u00f3n fue de las m\u00e1s altas en el \u00faltimo periodo, afectando el poder o capacidad de compra de las familias, quienes han tenido que gastar m\u00e1s por los mismos productos o servicios.<\/p>\n\n\n\n<p>Para esta entidad, la inflaci\u00f3n en la primera quincena de abril fue del 5.8 por ciento. En Quintana Roo y en Chiapas el aumento fue del 5.5, lo que las ubic\u00f3 en el segundo lugar nacional.<\/p>\n\n\n\n<p>Los estados que registraron un menor incremento de sus bienes y servicios fueron: Baja California y Baja California Sur, con el 2.8 por ciento en cada entidad, y Tlaxcala, con el 3.5 por ciento.<\/p>\n\n\n\n<p>La organizaci\u00f3n \u201cM\u00e9xico \u00bfC\u00f3mo vamos?\u201d explica que la inflaci\u00f3n \u00abes el aumento sostenido y generalizado de los precios de bienes y servicios de una econom\u00eda en un periodo determinado\u00bb.&nbsp;<\/p>\n\n\n\n<p>Para el caso de M\u00e9xico, detalla que la medici\u00f3n hecha por el Instituto Nacional de Estad\u00edstica y Geograf\u00eda (INEGI) es \u00aba partir del cambio en los precios de una canasta de 299 bienes y servicios gen\u00e9ricos que representan el consumo de las familias mexicanas e integran el \u00cdndice Nacional de Precios al Consumidor (INPC)\u00bb.<\/p>\n","protected":false},"excerpt":{"rendered":"<p>Lisbeth Mej\u00eda Reyes\/Zona Roja. Oaxaca, Oax., a 28 de abril de 2026.- El aumento sostenido&hellip;<\/p>\n","protected":false},"author":2,"featured_media":92704,"comment_status":"closed","ping_status":"open","sticky":false,"template":"","format":"standard","meta":{"_lmt_disableupdate":"","_lmt_disable":"","_jetpack_memberships_contains_paid_content":false,"footnotes":""},"categories":[109,47],"tags":[3202],"class_list":["post-92749","post","type-post","status-publish","format-standard","has-post-thumbnail","hentry","category-minuto-a-minuto","category-zona-gris","tag-inflacion-en-mexico"],"jetpack_featured_media_url":"https:\/\/zonaroja.com.mx\/wp-content\/uploads\/2026\/04\/Inflacion-Oaxaca.jpeg","jetpack_sharing_enabled":true,"_links":{"self":[{"href":"https:\/\/zonaroja.com.mx\/index.php?rest_route=\/wp\/v2\/posts\/92749","targetHints":{"allow":["GET"]}}],"collection":[{"href":"https:\/\/zonaroja.com.mx\/index.php?rest_route=\/wp\/v2\/posts"}],"about":[{"href":"https:\/\/zonaroja.com.mx\/index.php?rest_route=\/wp\/v2\/types\/post"}],"author":[{"embeddable":true,"href":"https:\/\/zonaroja.com.mx\/index.php?rest_route=\/wp\/v2\/users\/2"}],"replies":[{"embeddable":true,"href":"https:\/\/zonaroja.com.mx\/index.php?rest_route=%2Fwp%2Fv2%2Fcomments&post=92749"}],"version-history":[{"count":1,"href":"https:\/\/zonaroja.com.mx\/index.php?rest_route=\/wp\/v2\/posts\/92749\/revisions"}],"predecessor-version":[{"id":92750,"href":"https:\/\/zonaroja.com.mx\/index.php?rest_route=\/wp\/v2\/posts\/92749\/revisions\/92750"}],"wp:featuredmedia":[{"embeddable":true,"href":"https:\/\/zonaroja.com.mx\/index.php?rest_route=\/wp\/v2\/media\/92704"}],"wp:attachment":[{"href":"https:\/\/zonaroja.com.mx\/index.php?rest_route=%2Fwp%2Fv2%2Fmedia&parent=92749"}],"wp:term":[{"taxonomy":"category","embeddable":true,"href":"https:\/\/zonaroja.com.mx\/index.php?rest_route=%2Fwp%2Fv2%2Fcategories&post=92749"},{"taxonomy":"post_tag","embeddable":true,"href":"https:\/\/zonaroja.com.mx\/index.php?rest_route=%2Fwp%2Fv2%2Ftags&post=92749"}],"curies":[{"name":"wp","href":"https:\/\/api.w.org\/{rel}","templated":true}]}}