{"id":92754,"date":"2026-04-28T12:12:00","date_gmt":"2026-04-28T18:12:00","guid":{"rendered":"https:\/\/zonaroja.com.mx\/?p=92754"},"modified":"2026-04-28T08:13:07","modified_gmt":"2026-04-28T14:13:07","slug":"opinion-improvisacion-y-agravio","status":"publish","type":"post","link":"https:\/\/zonaroja.com.mx\/?p=92754","title":{"rendered":"Opini\u00f3n. Improvisaci\u00f3n y agravio"},"content":{"rendered":"\n<p>N\u00e9stor Y. S\u00e1nchez Islas<\/p>\n\n\n\n<p>\u00bfQui\u00e9n fue realmente el festejado? La pregunta no es ret\u00f3rica ni ociosa. En el aniversario 494 de la elevaci\u00f3n de Oaxaca al rango de ciudad, la conmemoraci\u00f3n oficial pareci\u00f3 desdibujar a su protagonista natural, nuestra capital,&nbsp;para colocar en el centro a figuras pol\u00edticas de&nbsp;tercero&nbsp;y&nbsp;cuarto&nbsp;nivel, ajenas a los oaxaque\u00f1os y, en algunos casos, vinculadas a episodios&nbsp;oscuros de destrucci\u00f3n, como el 2006.<\/p>\n\n\n\n<p>El desd\u00e9n institucional se manifest\u00f3 desde la organizaci\u00f3n misma. Apenas unos d\u00edas antes de la fecha conmemorativa, la autoridad municipal no contaba con una lista definida de los galardonados. A ello se sum\u00f3 una decisi\u00f3n tan reveladora como incomprensible: el cambio de sede. El evento fue trasladado del Teatro Macedonio Alcal\u00e1,&nbsp;espacio&nbsp;apropiado y&nbsp;digno del peso hist\u00f3rico de la efem\u00e9ride,&nbsp;a un sal\u00f3n de cabildos reducido, inc\u00f3modo y carente de simbolismo. El resultado fue doblemente elocuente: no solo se devalu\u00f3 el significado del acto, sino que ni siquiera logr\u00f3 convocar a una asistencia significativa. El vac\u00edo f\u00edsico reflej\u00f3 un vac\u00edo m\u00e1s profundo:&nbsp;la falta de inter\u00e9s&nbsp;del \u201cpueblo\u201d.<\/p>\n\n\n\n<p>La comparaci\u00f3n con celebraciones pasadas resulta&nbsp;necesaria. Fue precisamente un aniversario de la ciudad el que dio origen al llamado \u201cHomenaje Racial\u201d, antecedente de la Guelaguetza, una de las expresiones culturales m\u00e1s relevantes del continente. Aquella visi\u00f3n supo articular historia, identidad y proyecci\u00f3n internacional. Lo ocurrido este a\u00f1o, en cambio, transmite una preocupante falta de conciencia hist\u00f3rica y de sensibilidad pol\u00edtica.<\/p>\n\n\n\n<p>No puede entenderse este episodio sin situarlo en un contexto m\u00e1s amplio de desgaste entre la autoridad municipal y la ciudadan\u00eda. El rechazo no es circunstancial; es acumulativo. A inicios de este a\u00f1o, el ayuntamiento implement\u00f3 incrementos desproporcionados en los derechos y tr\u00e1mites municipales,&nbsp;m\u00e1s de 800 en su cat\u00e1logo, con alzas que en algunos casos alcanzaron el 100%. En una econom\u00eda tan fr\u00e1gil como la oaxaque\u00f1a, estas decisiones no solo resultan insensibles, sino pol\u00edticamente torpes.<\/p>\n\n\n\n<p>A este malestar se suma el desempe\u00f1o de la polic\u00eda vial, percibida por amplios sectores de la poblaci\u00f3n como un cuerpo m\u00e1s enfocado en la recaudaci\u00f3n arbitraria que en la regulaci\u00f3n efectiva del tr\u00e1nsito. La proliferaci\u00f3n de infracciones dudosas, la ausencia de criterios claros y la falta de resultados en materia de movilidad y seguridad alimentan&nbsp;la imagen&nbsp;de&nbsp;corrupci\u00f3n&nbsp;cotidianaque erosiona a\u00fan m\u00e1s la legitimidad institucional.<\/p>\n\n\n\n<p>La pregunta inevitable es: \u00bfd\u00f3nde se refleja el incremento en la recaudaci\u00f3n? La&nbsp;verdad&nbsp;generalizada es que no existe una correspondencia visible en servicios, infraestructura o mejoras urbanas. Cuando la mayor parte del presupuesto se&nbsp;destina al sostenimiento de la propia burocracia,&nbsp;la gentedif\u00edcilmente encontrar\u00e1 razones para confiar&nbsp;en&nbsp;sus autoridades.<\/p>\n\n\n\n<p>En este contexto, la selecci\u00f3n de los personajes homenajeados adquiere un significado particularmente&nbsp;burl\u00f3n. Otorgar reconocimientos en nombre de la ciudad a figuras sin arraigo local ni contribuciones claras a Oaxaca resulta, cuando menos, desconcertante. Pero el agravio alcanza su punto m\u00e1s alto al incluir,&nbsp;expl\u00edcita o impl\u00edcitamente,&nbsp;a quienes incendiaron la capital en la asonada sindical de 2006.&nbsp;El mentado movimiento social nunca existi\u00f3.&nbsp;Aquella crisis dej\u00f3 una huella material y simb\u00f3lica de destrucci\u00f3n en el coraz\u00f3n de la capital. Para muchos oaxaque\u00f1os, rendir homenaje a quienes participaron en ese episodio equivale a un&nbsp;retroceso&nbsp;moral dif\u00edcil de aceptar.<\/p>\n\n\n\n<p>Las ciudades no solo se administran: tambi\u00e9n se narran. Y en esa&nbsp;historia&nbsp;los s\u00edmbolos importan. Importa el lugar donde se celebra, importa a qui\u00e9n se reconoce, importa el tono del discurso y, sobre todo, importa la coherencia entre el pasado que&nbsp;evocan&nbsp;y el presente que&nbsp;no pueden construir. Cuando esa coherencia se rompe, lo que deber\u00eda ser un acto de&nbsp;identidad&nbsp;oaxaque\u00f1a&nbsp;se convierte en&nbsp;decepci\u00f3n e indiferencia.<\/p>\n\n\n\n<p>Oaxaca es, por m\u00e9ritos propios, una de las capitales culturales m\u00e1s relevantes de&nbsp;M\u00e9xico. Su historia, su gastronom\u00eda&nbsp;y&nbsp;su diversidad la colocan en una posici\u00f3n privilegiada&nbsp;a nivel internacional. Precisamente por ello,&nbsp;necesitamos&nbsp;autoridades a la altura de esa complejidad y de ese prestigio. Lo ocurrido en este aniversario no solo evidencia improvisaci\u00f3n; revela una preocupante desconexi\u00f3n entre el poder p\u00fablico y la ciudad que dice representar.<\/p>\n\n\n\n<p>El da\u00f1o simb\u00f3lico est\u00e1 hecho. El mensaje ha sido emitido con claridad. Quedar\u00e1 en manos de las futuras administraciones reconstruir no solo la confianza ciudadana, sino tambi\u00e9n el sentido de dignidad que debe acompa\u00f1ar cada acto p\u00fablico en una ciudad que no es menor, ni ordinaria, ni prescindible. Una ciudad que, por historia y vocaci\u00f3n, merece mucho m\u00e1s&nbsp;que&nbsp;superficialidad e indiferencia.<\/p>\n\n\n\n<p>nestoryuri@yahoo.com<\/p>\n","protected":false},"excerpt":{"rendered":"<p>N\u00e9stor Y. S\u00e1nchez Islas \u00bfQui\u00e9n fue realmente el festejado? La pregunta no es ret\u00f3rica ni&hellip;<\/p>\n","protected":false},"author":2,"featured_media":90025,"comment_status":"closed","ping_status":"open","sticky":false,"template":"","format":"standard","meta":{"_lmt_disableupdate":"","_lmt_disable":"","_jetpack_memberships_contains_paid_content":false,"footnotes":""},"categories":[456,109],"tags":[3050],"class_list":["post-92754","post","type-post","status-publish","format-standard","has-post-thumbnail","hentry","category-columna","category-minuto-a-minuto","tag-nestor-yuri-sanchez"],"jetpack_featured_media_url":"https:\/\/zonaroja.com.mx\/wp-content\/uploads\/2026\/02\/Opinion-Nestor-Yuri.jpeg","jetpack_sharing_enabled":true,"_links":{"self":[{"href":"https:\/\/zonaroja.com.mx\/index.php?rest_route=\/wp\/v2\/posts\/92754","targetHints":{"allow":["GET"]}}],"collection":[{"href":"https:\/\/zonaroja.com.mx\/index.php?rest_route=\/wp\/v2\/posts"}],"about":[{"href":"https:\/\/zonaroja.com.mx\/index.php?rest_route=\/wp\/v2\/types\/post"}],"author":[{"embeddable":true,"href":"https:\/\/zonaroja.com.mx\/index.php?rest_route=\/wp\/v2\/users\/2"}],"replies":[{"embeddable":true,"href":"https:\/\/zonaroja.com.mx\/index.php?rest_route=%2Fwp%2Fv2%2Fcomments&post=92754"}],"version-history":[{"count":1,"href":"https:\/\/zonaroja.com.mx\/index.php?rest_route=\/wp\/v2\/posts\/92754\/revisions"}],"predecessor-version":[{"id":92755,"href":"https:\/\/zonaroja.com.mx\/index.php?rest_route=\/wp\/v2\/posts\/92754\/revisions\/92755"}],"wp:featuredmedia":[{"embeddable":true,"href":"https:\/\/zonaroja.com.mx\/index.php?rest_route=\/wp\/v2\/media\/90025"}],"wp:attachment":[{"href":"https:\/\/zonaroja.com.mx\/index.php?rest_route=%2Fwp%2Fv2%2Fmedia&parent=92754"}],"wp:term":[{"taxonomy":"category","embeddable":true,"href":"https:\/\/zonaroja.com.mx\/index.php?rest_route=%2Fwp%2Fv2%2Fcategories&post=92754"},{"taxonomy":"post_tag","embeddable":true,"href":"https:\/\/zonaroja.com.mx\/index.php?rest_route=%2Fwp%2Fv2%2Ftags&post=92754"}],"curies":[{"name":"wp","href":"https:\/\/api.w.org\/{rel}","templated":true}]}}