{"id":92756,"date":"2026-04-28T13:18:00","date_gmt":"2026-04-28T19:18:00","guid":{"rendered":"https:\/\/zonaroja.com.mx\/?p=92756"},"modified":"2026-04-28T08:20:09","modified_gmt":"2026-04-28T14:20:09","slug":"vendio-a-su-hija-de-13-anos-para-que-se-casara-con-un-adulto-ya-fue-detenido","status":"publish","type":"post","link":"https:\/\/zonaroja.com.mx\/?p=92756","title":{"rendered":"Vendi\u00f3 a su hija de 13 a\u00f1os para que se casara con un adulto; ya fue detenido"},"content":{"rendered":"\n<p>Redacci\u00f3n\/Zona Roja.<\/p>\n\n\n\n<p>Oaxaca, Oax., a 28 de abril de 2026.-&nbsp;La Fiscal\u00eda General del Estado de Oaxaca (FGEO) obtuvo auto de vinculaci\u00f3n a proceso y prisi\u00f3n preventiva en contra de una persona del sexo masculino identificada como S.S.G. (padre de la v\u00edctima) por su probable responsabilidad en el delito de trata de personas en la modalidad de matrimonio forzoso o servil, agravado, en hechos cometidos en la regi\u00f3n de Valles Centrales.<\/p>\n\n\n\n<p>De acuerdo con la causa penal, los hechos ocurrieron el 8 de enero de 2022, en la comunidad de Santa Catalina Mixtepec, perteneciente al municipio de Zimatl\u00e1n de \u00c1lvarez, donde una adolescente (cuya identidad est\u00e1 reservada por ley) que contaba con 13 a\u00f1os de edad al momento de los hechos, habr\u00eda sido entregada a otra persona adulta a cambio de una cantidad econ\u00f3mica, con la finalidad de que cohabitara como pareja.<\/p>\n\n\n\n<p>Seg\u00fan la denuncia, durante un periodo prolongado, la adolescente habr\u00eda permanecido en el lugar bajo amenazas, adem\u00e1s de sufrir agresiones f\u00edsicas, psicol\u00f3gicas y sexuales.&nbsp;<\/p>\n\n\n\n<p>En abril de 2024 logr\u00f3 salir de ese entorno y posteriormente fue resguardada bajo medidas de protecci\u00f3n en un Centro de Asistencia Social del Sistema DIF Estatal.<\/p>\n\n\n\n<p>Como resultado de las investigaciones realizadas por la Fiscal\u00eda de Oaxaca a trav\u00e9s de la Fiscal\u00eda Especializada en Delitos de Alto Impacto, se ejecut\u00f3 una orden de aprehensi\u00f3n contra el imputado, quien es presumiblemente padre de la v\u00edctima.&nbsp;<\/p>\n\n\n\n<p>Tras desahogarse las etapas procesales correspondientes, el 23 de abril de 2026, el Juez de Control dict\u00f3 auto de vinculaci\u00f3n a proceso en contra de S.S.G., imponiendo la medida cautelar de prisi\u00f3n preventiva justificada, adem\u00e1s de imponer el plazo de tres meses para el cierre de la investigaci\u00f3n complementaria.<\/p>\n\n\n\n<p>POR VIOLENCIA FAMILIAR<\/p>\n\n\n\n<p>En otro caso, la Fiscal\u00eda General dio cumplimiento a una orden de aprehensi\u00f3n en contra de una persona del sexo masculino identificado como V.L.S., por su probable responsabilidad en el delito de violencia familiar, en hechos ocurridos en la regi\u00f3n del Istmo de Tehuantepec.<\/p>\n\n\n\n<p>&nbsp;De acuerdo con las investigaciones ministeriales, la detenci\u00f3n de V.L.S., se efectu\u00f3 en calles de la Primera Secci\u00f3n del municipio de Santa Mar\u00eda Xadani.<\/p>\n\n\n\n<p>El expediente penal integrado por las investigaciones de la Vicefiscal\u00eda Regional del Istmo detalla que V.L.S., contaba con una orden de aprehensi\u00f3n vigente, por el delito de&nbsp;violencia familiar en contra de una mujer.<\/p>\n\n\n\n<p>Una vez ubicado, elementos de la Agencia Estatal de Investigaciones AEI en coordinaci\u00f3n con la Secretar\u00eda de la Defensa Nacional (Defensa) efectuaron la detenci\u00f3n de V.L.S., para posteriormente, trasladarlo a las instalaciones ministeriales de la Vicefiscal\u00eda Regional del Istmo, donde fue puesto a disposici\u00f3n de la autoridad ministerial competente, quien determinar\u00e1 su situaci\u00f3n jur\u00eddica conforme a Derecho.<\/p>\n","protected":false},"excerpt":{"rendered":"<p>Redacci\u00f3n\/Zona Roja. Oaxaca, Oax., a 28 de abril de 2026.-&nbsp;La Fiscal\u00eda General del Estado de&hellip;<\/p>\n","protected":false},"author":2,"featured_media":92757,"comment_status":"closed","ping_status":"open","sticky":false,"template":"","format":"standard","meta":{"_lmt_disableupdate":"","_lmt_disable":"","_jetpack_memberships_contains_paid_content":false,"footnotes":""},"categories":[109,46],"tags":[494],"class_list":["post-92756","post","type-post","status-publish","format-standard","has-post-thumbnail","hentry","category-minuto-a-minuto","category-zona-blanca","tag-fiscalia-general-del-estado-de-oaxaca"],"jetpack_featured_media_url":"https:\/\/zonaroja.com.mx\/wp-content\/uploads\/2026\/04\/Detenido-vendio-a-su-hija-en-Zimatlan.jpg","jetpack_sharing_enabled":true,"_links":{"self":[{"href":"https:\/\/zonaroja.com.mx\/index.php?rest_route=\/wp\/v2\/posts\/92756","targetHints":{"allow":["GET"]}}],"collection":[{"href":"https:\/\/zonaroja.com.mx\/index.php?rest_route=\/wp\/v2\/posts"}],"about":[{"href":"https:\/\/zonaroja.com.mx\/index.php?rest_route=\/wp\/v2\/types\/post"}],"author":[{"embeddable":true,"href":"https:\/\/zonaroja.com.mx\/index.php?rest_route=\/wp\/v2\/users\/2"}],"replies":[{"embeddable":true,"href":"https:\/\/zonaroja.com.mx\/index.php?rest_route=%2Fwp%2Fv2%2Fcomments&post=92756"}],"version-history":[{"count":1,"href":"https:\/\/zonaroja.com.mx\/index.php?rest_route=\/wp\/v2\/posts\/92756\/revisions"}],"predecessor-version":[{"id":92758,"href":"https:\/\/zonaroja.com.mx\/index.php?rest_route=\/wp\/v2\/posts\/92756\/revisions\/92758"}],"wp:featuredmedia":[{"embeddable":true,"href":"https:\/\/zonaroja.com.mx\/index.php?rest_route=\/wp\/v2\/media\/92757"}],"wp:attachment":[{"href":"https:\/\/zonaroja.com.mx\/index.php?rest_route=%2Fwp%2Fv2%2Fmedia&parent=92756"}],"wp:term":[{"taxonomy":"category","embeddable":true,"href":"https:\/\/zonaroja.com.mx\/index.php?rest_route=%2Fwp%2Fv2%2Fcategories&post=92756"},{"taxonomy":"post_tag","embeddable":true,"href":"https:\/\/zonaroja.com.mx\/index.php?rest_route=%2Fwp%2Fv2%2Ftags&post=92756"}],"curies":[{"name":"wp","href":"https:\/\/api.w.org\/{rel}","templated":true}]}}