{"id":92759,"date":"2026-04-28T13:34:37","date_gmt":"2026-04-28T19:34:37","guid":{"rendered":"https:\/\/zonaroja.com.mx\/?p=92759"},"modified":"2026-04-28T13:34:37","modified_gmt":"2026-04-28T19:34:37","slug":"detienen-a-individuo-denunciado-por-robo-y-violencia-familiar-contra-la-empresaria-mixe-efrail","status":"publish","type":"post","link":"https:\/\/zonaroja.com.mx\/?p=92759","title":{"rendered":"Detienen a individuo denunciado por robo y violencia familiar contra la empresaria mixe Efrail"},"content":{"rendered":"\n<p>Lisbeth Mej\u00eda Reyes\/Zona Roja.&nbsp;<\/p>\n\n\n\n<p>Oaxaca, Oax., a 28 de abril de 2026.- A ra\u00edz de las denuncias de su ex esposa, este martes fue aprehendido un hombre identificado con las iniciales Rafael R. G., por el presunto delito de robo en perjuicio de la fundadora de la taquer\u00eda \u201cLos Combinados\u201d, de la ciudad de Oaxaca.<\/p>\n\n\n\n<p>El sujeto ya est\u00e1 vinculado a proceso por el presunto delito de violencia familiar en contra de la empresaria Efrail Ju\u00e1rez L\u00f3pez, mujer ayuujk (mixe) que lo denunci\u00f3 p\u00fablicamente el pasado mes de marzo y que tambi\u00e9n llev\u00f3 su caso ante la Fiscal\u00eda General del Estado de Oaxaca (FGEO).<\/p>\n\n\n\n<p>Ahora, ser\u00e1n las autoridades de justicia las que determinen la situaci\u00f3n jur\u00eddica del presunto agresor por este y el otro delito que se le se\u00f1ala.<\/p>\n\n\n\n<p>El activista mixe Joaqu\u00edn Galv\u00e1n, quien acompa\u00f1a jur\u00eddicamente a Efrail, inform\u00f3 sobre los avances de este caso, el cual fue hecho p\u00fablico en marzo a trav\u00e9s de un video que se difundi\u00f3 en redes sociales, donde se exhibe la violencia de R. R. G. en contra de Efrail.<\/p>\n\n\n\n<p>Posteriormente, en ese mismo mes, la originaria de San Pedro y San Pablo Ayutla se manifest\u00f3 a las afueras de la taquer\u00eda, en la colonia Reforma, donde exigi\u00f3 justicia por la violencia vivida a manos de quien fue su pareja por 40 a\u00f1os y que la despoj\u00f3 del negocio, un patrimonio que cre\u00f3 con sus hijos.<\/p>\n\n\n\n<p>En aquella manifestaci\u00f3n, la empresaria pidi\u00f3 el apoyo de las autoridades, entre ellas la Secretar\u00eda de las Mujeres y el Tribunal Superior de Justicia, para que su caso no quede impune.<\/p>\n\n\n\n<p>Efrail Ju\u00e1rez L\u00f3pez es una mujer ayuujk que denunci\u00f3 el ciclo generacional de violencia por parte de su ex pareja, quien haciendo uso de su posici\u00f3n de poder, la violencia f\u00edsica y psicol\u00f3gica, la separ\u00f3 de su empresa\u00bb, record\u00f3 Galv\u00e1n, al agradecer \u00abel trabajo coordinado con las compa\u00f1eras abogadas de la Secretar\u00eda de la Mujer, la Vicefiscalia de G\u00e9nero y compa\u00f1eras abogadas de sociedad civil, quienes arroparon a Efrail con toda solidaridad\u00bb.<\/p>\n","protected":false},"excerpt":{"rendered":"<p>Lisbeth Mej\u00eda Reyes\/Zona Roja.&nbsp; Oaxaca, Oax., a 28 de abril de 2026.- A ra\u00edz de&hellip;<\/p>\n","protected":false},"author":2,"featured_media":91611,"comment_status":"closed","ping_status":"open","sticky":false,"template":"","format":"standard","meta":{"_lmt_disableupdate":"","_lmt_disable":"","_jetpack_memberships_contains_paid_content":false,"footnotes":""},"categories":[109,46],"tags":[],"class_list":["post-92759","post","type-post","status-publish","format-standard","has-post-thumbnail","hentry","category-minuto-a-minuto","category-zona-blanca"],"jetpack_featured_media_url":"https:\/\/zonaroja.com.mx\/wp-content\/uploads\/2026\/03\/Efrail-J-L-mixe-despojada-los-combinados.jpg","jetpack_sharing_enabled":true,"_links":{"self":[{"href":"https:\/\/zonaroja.com.mx\/index.php?rest_route=\/wp\/v2\/posts\/92759","targetHints":{"allow":["GET"]}}],"collection":[{"href":"https:\/\/zonaroja.com.mx\/index.php?rest_route=\/wp\/v2\/posts"}],"about":[{"href":"https:\/\/zonaroja.com.mx\/index.php?rest_route=\/wp\/v2\/types\/post"}],"author":[{"embeddable":true,"href":"https:\/\/zonaroja.com.mx\/index.php?rest_route=\/wp\/v2\/users\/2"}],"replies":[{"embeddable":true,"href":"https:\/\/zonaroja.com.mx\/index.php?rest_route=%2Fwp%2Fv2%2Fcomments&post=92759"}],"version-history":[{"count":1,"href":"https:\/\/zonaroja.com.mx\/index.php?rest_route=\/wp\/v2\/posts\/92759\/revisions"}],"predecessor-version":[{"id":92760,"href":"https:\/\/zonaroja.com.mx\/index.php?rest_route=\/wp\/v2\/posts\/92759\/revisions\/92760"}],"wp:featuredmedia":[{"embeddable":true,"href":"https:\/\/zonaroja.com.mx\/index.php?rest_route=\/wp\/v2\/media\/91611"}],"wp:attachment":[{"href":"https:\/\/zonaroja.com.mx\/index.php?rest_route=%2Fwp%2Fv2%2Fmedia&parent=92759"}],"wp:term":[{"taxonomy":"category","embeddable":true,"href":"https:\/\/zonaroja.com.mx\/index.php?rest_route=%2Fwp%2Fv2%2Fcategories&post=92759"},{"taxonomy":"post_tag","embeddable":true,"href":"https:\/\/zonaroja.com.mx\/index.php?rest_route=%2Fwp%2Fv2%2Ftags&post=92759"}],"curies":[{"name":"wp","href":"https:\/\/api.w.org\/{rel}","templated":true}]}}