{"id":92761,"date":"2026-04-28T16:24:58","date_gmt":"2026-04-28T22:24:58","guid":{"rendered":"https:\/\/zonaroja.com.mx\/?p=92761"},"modified":"2026-04-28T16:25:00","modified_gmt":"2026-04-28T22:25:00","slug":"sindicatos-armados-desatan-balacera-y-quema-de-camiones-en-la-mexico-puebla","status":"publish","type":"post","link":"https:\/\/zonaroja.com.mx\/?p=92761","title":{"rendered":"Sindicatos armados desatan balacera y quema de camiones en la M\u00e9xico-Puebla"},"content":{"rendered":"\n<p>Redacci\u00f3n\/Zona Roja Cdmx.<\/p>\n\n\n\n<p>(Informaci\u00f3n de \u201cEl Financiero\u201d)<\/p>\n\n\n\n<p>Ciudad de M\u00e9xico, a 28 de abril de 2026.- Un enfrentamiento a balazos se registr\u00f3 en la autopista M\u00e9xico-Puebla, a la altura de Santa Rita Tlahuapan, por un conflicto entre sindicatos de materialistas, confirm\u00f3 el secretario de Gobernaci\u00f3n de Puebla, Samuel Aguilar Pala.<\/p>\n\n\n\n<p>Durante la disputa tambi\u00e9n incendiaron dos unidades, una en cada sentido de la autopista, por lo que intervino la Guardia Nacional, que ya realiza las investigaciones correspondientes.<\/p>\n\n\n\n<p>Sujetos encapuchados realizaron los actos vand\u00e1licos que provocaron una fuerte movilizaci\u00f3n policiaca tras la denuncia de disparos y quema de un cami\u00f3n de carga. Adem\u00e1s de apedrear otras unidades, lo que provoc\u00f3 la relaci\u00f3n de los agraviados.<\/p>\n\n\n\n<p>Automovilistas observaron los hechos y dieron aviso al 911. Al sitio acudieron elementos de la Guardia Nacional, que en su reporte indicaron que alrededor de las 11:00 horas, con apoyo de la Secretar\u00eda de Seguridad P\u00fablica del Estado, la situaci\u00f3n qued\u00f3 bajo control.<\/p>\n\n\n\n<p>El secretario de Gobernaci\u00f3n, Samuel Aguilar Pala, confirm\u00f3 los hechos y se\u00f1al\u00f3 que no hubo lesionados, aunque s\u00ed da\u00f1os materiales y afectaciones a la circulaci\u00f3n en ambos sentidos por la quema de la unidad y la intervenci\u00f3n de los cuerpos de emergencia.<\/p>\n\n\n\n<p>Indic\u00f3 que el problema surgi\u00f3 entre trabajadores de dos sindicatos que buscan hacerse con el contrato de reencarpetamiento de la vialidad en esa zona.<\/p>\n\n\n\n<p>\u201cHace unos momentos incendiaron dos automotores de carga, es un pleito entre dos sindicatos de materialistas por un tramo federal que est\u00e1n concursando. Nosotros lo hemos exhortado a mantener el di\u00e1logo, la calma (&#8230;) La Guardia Nacional est\u00e1 haciendo la investigaci\u00f3n y la persecuci\u00f3n de los individuos que se dieron a la fuga en un veh\u00edculo particular\u201d, dijo.<\/p>\n\n\n\n<p>Capufe inform\u00f3 que se implement\u00f3 una reducci\u00f3n de carril en el lugar de los hechos para permitir el paso, sofocar el incendio del cami\u00f3n de carga y retirarlo.<\/p>\n\n\n\n<p>Los trabajos para liberar los carriles se extendieron por varias horas, lo que provoc\u00f3 un complicado avance vehicular.<\/p>\n\n\n\n<p>Hasta el momento, las autoridades estatales o municipales no han informado sobre la detenci\u00f3n de personas que pudieran haber participado en los hechos violentos que pusieron en riesgo a otras personas que circulaban por la autopista M\u00e9xico-Puebla.<\/p>\n","protected":false},"excerpt":{"rendered":"<p>Redacci\u00f3n\/Zona Roja Cdmx. (Informaci\u00f3n de \u201cEl Financiero\u201d) Ciudad de M\u00e9xico, a 28 de abril de&hellip;<\/p>\n","protected":false},"author":2,"featured_media":92762,"comment_status":"closed","ping_status":"open","sticky":false,"template":"","format":"standard","meta":{"_lmt_disableupdate":"","_lmt_disable":"","_jetpack_memberships_contains_paid_content":false,"footnotes":""},"categories":[109,47],"tags":[],"class_list":["post-92761","post","type-post","status-publish","format-standard","has-post-thumbnail","hentry","category-minuto-a-minuto","category-zona-gris"],"jetpack_featured_media_url":"https:\/\/zonaroja.com.mx\/wp-content\/uploads\/2026\/04\/Balacera-sindicatos-Mexico-Puebla.webp","jetpack_sharing_enabled":true,"_links":{"self":[{"href":"https:\/\/zonaroja.com.mx\/index.php?rest_route=\/wp\/v2\/posts\/92761","targetHints":{"allow":["GET"]}}],"collection":[{"href":"https:\/\/zonaroja.com.mx\/index.php?rest_route=\/wp\/v2\/posts"}],"about":[{"href":"https:\/\/zonaroja.com.mx\/index.php?rest_route=\/wp\/v2\/types\/post"}],"author":[{"embeddable":true,"href":"https:\/\/zonaroja.com.mx\/index.php?rest_route=\/wp\/v2\/users\/2"}],"replies":[{"embeddable":true,"href":"https:\/\/zonaroja.com.mx\/index.php?rest_route=%2Fwp%2Fv2%2Fcomments&post=92761"}],"version-history":[{"count":1,"href":"https:\/\/zonaroja.com.mx\/index.php?rest_route=\/wp\/v2\/posts\/92761\/revisions"}],"predecessor-version":[{"id":92763,"href":"https:\/\/zonaroja.com.mx\/index.php?rest_route=\/wp\/v2\/posts\/92761\/revisions\/92763"}],"wp:featuredmedia":[{"embeddable":true,"href":"https:\/\/zonaroja.com.mx\/index.php?rest_route=\/wp\/v2\/media\/92762"}],"wp:attachment":[{"href":"https:\/\/zonaroja.com.mx\/index.php?rest_route=%2Fwp%2Fv2%2Fmedia&parent=92761"}],"wp:term":[{"taxonomy":"category","embeddable":true,"href":"https:\/\/zonaroja.com.mx\/index.php?rest_route=%2Fwp%2Fv2%2Fcategories&post=92761"},{"taxonomy":"post_tag","embeddable":true,"href":"https:\/\/zonaroja.com.mx\/index.php?rest_route=%2Fwp%2Fv2%2Ftags&post=92761"}],"curies":[{"name":"wp","href":"https:\/\/api.w.org\/{rel}","templated":true}]}}