{"id":92764,"date":"2026-04-28T20:02:33","date_gmt":"2026-04-29T02:02:33","guid":{"rendered":"https:\/\/zonaroja.com.mx\/?p=92764"},"modified":"2026-04-28T20:02:34","modified_gmt":"2026-04-29T02:02:34","slug":"la-cnte-alista-paro-indefinido-durante-el-mundial-y-marchas-para-el-1-y-15-de-mayo","status":"publish","type":"post","link":"https:\/\/zonaroja.com.mx\/?p=92764","title":{"rendered":"La CNTE alista paro indefinido durante el Mundial y marchas para el 1 y 15 de mayo"},"content":{"rendered":"\n<p>Lisbeth Mej\u00eda Reyes\/Zona Roja.<\/p>\n\n\n\n<p>Oaxaca, Oax., a 28 de abril de 2026.- La Coordinadora Nacional de Trabajadores de la Educaci\u00f3n (CNTE) confirm\u00f3 que estallar\u00e1 en paro indefinido en el marco del Mundial de Futbol, que albergar\u00e1 M\u00e9xico a partir de junio.&nbsp;<\/p>\n\n\n\n<p>Sin embargo, la fecha para el inicio del paro se definir\u00e1 en la pr\u00f3xima asamblea nacional representativa del 16 de mayo, en la que se reunir\u00e1n las 27 secciones sindicales de los casi 20 estados en los que tiene presencia la coordinadora.&nbsp;<\/p>\n\n\n\n<p>En esta protesta masiva, exigir\u00e1 nuevamente que el gobierno de la presidenta Claudia Sheinbaum Pardo abrogue la Ley del ISSSTE del 2007 y la reforma educativa; tambi\u00e9n, que atienda otras demandas centrales y espec\u00edficas de la gremial.<\/p>\n\n\n\n<p>Rumbo al paro indefinido, con el que se retomar\u00e1 la huelga de mayo-junio del 2025, la CNTE tambi\u00e9n ha preparado una serie de movilizaciones junto con organizaciones y otros sindicatos, resultado de la reciente asamblea nacional del 25 de abril.&nbsp;<\/p>\n\n\n\n<p>La primera movilizaci\u00f3n ser\u00e1 el 1 de mayo, D\u00eda del Trabajo, con una marcha que partir\u00e1 a las 09:00 horas del \u00c1ngel de la Independencia al \u00a0z\u00f3calo de la Ciudad de M\u00e9xico y tras la cual entregar\u00e1 su pliego petitorio al ejecutivo federal.\u00a0<\/p>\n\n\n\n<p>La marcha tambi\u00e9n se har\u00e1 en la ciudad de Oaxaca, en donde la Secci\u00f3n 22 entregar\u00e1 el pliego petitorio correspondiente al gobierno estatal.<\/p>\n\n\n\n<p>El 15 de mayo, en el d\u00eda de las y los maestros, tambi\u00e9n realizar\u00e1 su habitual marcha nacional de la Normal Superior al z\u00f3calo de la Ciudad \u00a0de M\u00e9xico. Ese d\u00eda habr\u00e1 r\u00e9plicas en los estados.<\/p>\n\n\n\n<p>Este martes, en conferencia de prensa virtual, los secretarios generales de varias secciones del Sindicato Nacional de Trabajadores de la Educaci\u00f3n y de la CNTE, reiteraron que las demandas centrales como la abrogaci\u00f3n de la ley del ISSSTE del 2007 sigue, por lo que tambi\u00e9n esperan la suma de otros sindicatos y trabajadores afectados por esta ley.<\/p>\n\n\n\n<p>Yenny Araceli P\u00e9rez Mart\u00ednez, secretaria general de la Secci\u00f3n 22 en Oaxaca, explic\u00f3 que e algunas secciones ya tienen su propuesta de fecha para el paro o huelga nacional indefinidos, pero que en el caso de otras, como la 22, se someter\u00e1 a votaci\u00f3n en asamblea estatal. La Secci\u00f3n 22 ha previsto retomar su asamblea estatal el 1 de mayo, despu\u00e9s de la marcha por el D\u00eda del Trabajo.<\/p>\n\n\n\n<p>Los alcances de la nueva huelga nacional depender\u00e1n de la respuesta del gobierno federal, apunt\u00f3 la secretaria de la Secci\u00f3n 22, al recordar que en el paro de mayo-junio de 2025 acordaron un receso, pero en estos meses la respuesta del gobierno solamente ha sido la represi\u00f3n administrativa y econ\u00f3mica, as\u00ed como la persecuci\u00f3n pol\u00edtica y jur\u00eddica.<\/p>\n\n\n\n<p>La representante record\u00f3 que las demandas centrales han sido parte de sus exigencias hacia el gobierno del ex presidente Andr\u00e9s Manuel L\u00f3pez Obrador y ahora con el de Claudia Sheinbaum, por lo que exigen respuestas favorables.<\/p>\n","protected":false},"excerpt":{"rendered":"<p>Lisbeth Mej\u00eda Reyes\/Zona Roja. Oaxaca, Oax., a 28 de abril de 2026.- La Coordinadora Nacional&hellip;<\/p>\n","protected":false},"author":2,"featured_media":80731,"comment_status":"closed","ping_status":"open","sticky":false,"template":"","format":"standard","meta":{"_lmt_disableupdate":"","_lmt_disable":"","_jetpack_memberships_contains_paid_content":false,"footnotes":""},"categories":[109,47],"tags":[1283],"class_list":["post-92764","post","type-post","status-publish","format-standard","has-post-thumbnail","hentry","category-minuto-a-minuto","category-zona-gris","tag-coordinadora-nacional-de-trabajadores-de-la-educacion-cnte"],"jetpack_featured_media_url":"https:\/\/zonaroja.com.mx\/wp-content\/uploads\/2025\/05\/CNTE-Coordinadora-Nacional-.jpg","jetpack_sharing_enabled":true,"_links":{"self":[{"href":"https:\/\/zonaroja.com.mx\/index.php?rest_route=\/wp\/v2\/posts\/92764","targetHints":{"allow":["GET"]}}],"collection":[{"href":"https:\/\/zonaroja.com.mx\/index.php?rest_route=\/wp\/v2\/posts"}],"about":[{"href":"https:\/\/zonaroja.com.mx\/index.php?rest_route=\/wp\/v2\/types\/post"}],"author":[{"embeddable":true,"href":"https:\/\/zonaroja.com.mx\/index.php?rest_route=\/wp\/v2\/users\/2"}],"replies":[{"embeddable":true,"href":"https:\/\/zonaroja.com.mx\/index.php?rest_route=%2Fwp%2Fv2%2Fcomments&post=92764"}],"version-history":[{"count":1,"href":"https:\/\/zonaroja.com.mx\/index.php?rest_route=\/wp\/v2\/posts\/92764\/revisions"}],"predecessor-version":[{"id":92765,"href":"https:\/\/zonaroja.com.mx\/index.php?rest_route=\/wp\/v2\/posts\/92764\/revisions\/92765"}],"wp:featuredmedia":[{"embeddable":true,"href":"https:\/\/zonaroja.com.mx\/index.php?rest_route=\/wp\/v2\/media\/80731"}],"wp:attachment":[{"href":"https:\/\/zonaroja.com.mx\/index.php?rest_route=%2Fwp%2Fv2%2Fmedia&parent=92764"}],"wp:term":[{"taxonomy":"category","embeddable":true,"href":"https:\/\/zonaroja.com.mx\/index.php?rest_route=%2Fwp%2Fv2%2Fcategories&post=92764"},{"taxonomy":"post_tag","embeddable":true,"href":"https:\/\/zonaroja.com.mx\/index.php?rest_route=%2Fwp%2Fv2%2Ftags&post=92764"}],"curies":[{"name":"wp","href":"https:\/\/api.w.org\/{rel}","templated":true}]}}