{"id":92769,"date":"2026-04-29T07:15:00","date_gmt":"2026-04-29T13:15:00","guid":{"rendered":"https:\/\/zonaroja.com.mx\/?p=92769"},"modified":"2026-04-29T07:39:26","modified_gmt":"2026-04-29T13:39:26","slug":"matan-a-balazos-a-una-mujer-adulta-en-la-costa-oaxaquena","status":"publish","type":"post","link":"https:\/\/zonaroja.com.mx\/?p=92769","title":{"rendered":"Matan a balazos a una mujer adulta en la Costa oaxaque\u00f1a"},"content":{"rendered":"\n<p>Raymundo Morales\/Zona Roja.<\/p>\n\n\n\n<p>Oaxaca, Oax., a 29 de abril de 2026.- Una mujer adulta fue asesinada a balazos ayer en una comunidad de la regi\u00f3n de la Costa de Oaxaca, confirmaron fuentes policiacas.<\/p>\n\n\n\n<p>El probable feminicidio se cometi\u00f3 cerca de la cancha municipal de San Pedro Atoyac, agencia del municipio de Santiago Jamiltepec, donde acribillaron a quien fue identificada como Luciana V. A., de 52 a\u00f1os de edad.<\/p>\n\n\n\n<p>La mujer hab\u00eda acudido a una boda que se desarroll\u00f3 en la cancha municipal y tras concluir la festividad, por la tarde la v\u00edctima se trasladaba a su hogar, cuando fue atacada a balazos por sujetos desconocidos.<\/p>\n\n\n\n<p>Pese a que a\u00fan hab\u00eda cientos de personas en la calle, nadie pudo identificar a los agresores y mucho menos impedir que huyera.<\/p>\n\n\n\n<p>Personal de la Vicefiscal\u00eda Regional de la Costa, de la Fiscal\u00eda General del Estado de Oaxaca, indaga los hechos con la finalidad de esclarecer el caso y hacer justicia.<\/p>\n\n\n\n<p>Apenas hace poco m\u00e1s de un mes, fue asesinada otra mujer, Carmela V. A., hermana de la ultimada ayer martes, mientras que el hijo de \u00e9sta qued\u00f3 herida de gravedad.<\/p>\n\n\n\n<p>De ambos casos a\u00fan se desconoce el m\u00f3vil de los ataques mortales as\u00ed como la identidad de los agresores; tampoco hay reporte de personas detenidas por estos presuntos feminicidios.<\/p>\n\n\n\n<p>Por otra parte, en San Felipe Lachillo, comunidad del municipio de Santiago Xanica, en la regi\u00f3n Sierra Sur de Oaxaca, el pasado jueves por la noche fue asesinada una mujer de un balazo en la cabeza.<\/p>\n\n\n\n<p>El cuerpo de la se\u00f1ora Octavia H., de 63 a\u00f1os de edad, qued\u00f3 en su humilde vivienda y los agresores lograron darse a la fuga, sin que pudieran ser identificados.<\/p>\n","protected":false},"excerpt":{"rendered":"<p>Raymundo Morales\/Zona Roja. Oaxaca, Oax., a 29 de abril de 2026.- Una mujer adulta fue&hellip;<\/p>\n","protected":false},"author":2,"featured_media":79417,"comment_status":"closed","ping_status":"open","sticky":false,"template":"","format":"standard","meta":{"_lmt_disableupdate":"","_lmt_disable":"","_jetpack_memberships_contains_paid_content":false,"footnotes":""},"categories":[109,51],"tags":[797],"class_list":["post-92769","post","type-post","status-publish","format-standard","has-post-thumbnail","hentry","category-minuto-a-minuto","category-zona-roja","tag-santiago-jamiltepec"],"jetpack_featured_media_url":"https:\/\/zonaroja.com.mx\/wp-content\/uploads\/2025\/04\/Feminicidio-asesinato-mujer.jpg.avif","jetpack_sharing_enabled":true,"_links":{"self":[{"href":"https:\/\/zonaroja.com.mx\/index.php?rest_route=\/wp\/v2\/posts\/92769","targetHints":{"allow":["GET"]}}],"collection":[{"href":"https:\/\/zonaroja.com.mx\/index.php?rest_route=\/wp\/v2\/posts"}],"about":[{"href":"https:\/\/zonaroja.com.mx\/index.php?rest_route=\/wp\/v2\/types\/post"}],"author":[{"embeddable":true,"href":"https:\/\/zonaroja.com.mx\/index.php?rest_route=\/wp\/v2\/users\/2"}],"replies":[{"embeddable":true,"href":"https:\/\/zonaroja.com.mx\/index.php?rest_route=%2Fwp%2Fv2%2Fcomments&post=92769"}],"version-history":[{"count":3,"href":"https:\/\/zonaroja.com.mx\/index.php?rest_route=\/wp\/v2\/posts\/92769\/revisions"}],"predecessor-version":[{"id":92784,"href":"https:\/\/zonaroja.com.mx\/index.php?rest_route=\/wp\/v2\/posts\/92769\/revisions\/92784"}],"wp:featuredmedia":[{"embeddable":true,"href":"https:\/\/zonaroja.com.mx\/index.php?rest_route=\/wp\/v2\/media\/79417"}],"wp:attachment":[{"href":"https:\/\/zonaroja.com.mx\/index.php?rest_route=%2Fwp%2Fv2%2Fmedia&parent=92769"}],"wp:term":[{"taxonomy":"category","embeddable":true,"href":"https:\/\/zonaroja.com.mx\/index.php?rest_route=%2Fwp%2Fv2%2Fcategories&post=92769"},{"taxonomy":"post_tag","embeddable":true,"href":"https:\/\/zonaroja.com.mx\/index.php?rest_route=%2Fwp%2Fv2%2Ftags&post=92769"}],"curies":[{"name":"wp","href":"https:\/\/api.w.org\/{rel}","templated":true}]}}