{"id":92771,"date":"2026-04-29T08:15:00","date_gmt":"2026-04-29T14:15:00","guid":{"rendered":"https:\/\/zonaroja.com.mx\/?p=92771"},"modified":"2026-04-29T06:43:25","modified_gmt":"2026-04-29T12:43:25","slug":"harfuch-y-jara-cruz-evaluan-acciones-de-seguridad-en-oaxaca","status":"publish","type":"post","link":"https:\/\/zonaroja.com.mx\/?p=92771","title":{"rendered":"Harfuch y Jara Cruz eval\u00faan acciones de seguridad en Oaxaca"},"content":{"rendered":"\n<p>Redacci\u00f3n\/Zona Roja.<\/p>\n\n\n\n<p>Oaxaca, Oax., a 29 de abril de 2026.- de abril de 2026.- El secretario de Seguridad y Protecci\u00f3n Ciudadana, Omar Garc\u00eda Harfuch, sostuvo una reuni\u00f3n con el gobernador de Oaxaca, Salom\u00f3n Jara Cruz donde evaluaron y dieron seguimiento a las acciones de seguridad desempe\u00f1adas en la entidad.<\/p>\n\n\n\n<p>El titular de la Secretar\u00eda de Seguridad y Protecci\u00f3n Ciudadana (SSPC) y el mandatario estatal dialogaron sobre los logros y alcances en este rubro, as\u00ed como las \u00e1reas de mejora para mantener, como hasta ahora, la seguridad en la entidad a favor de la ciudadan\u00eda.&nbsp;<\/p>\n\n\n\n<p>El secretario Omar Garc\u00eda Harfuch constat\u00f3 que la estrategia y acciones que se realizan desde el gobierno de Oaxaca son para brindar seguridad a todos sus habitantes y otorgar tranquilidad a cada uno de ellos para disminuir el \u00edndice delictivo en la entidad.&nbsp;<\/p>\n\n\n\n<p>Garc\u00eda Harfuch inform\u00f3 que el estado de Oaxaca recibi\u00f3 poco m\u00e1s de 312 millones de pesos a trav\u00e9s de los fondos federales para la seguridad p\u00fablica y en coordinaci\u00f3n con el Secretariado Ejecutivo del Sistema Nacional de Seguridad P\u00fablica (SESNSP) se van a desarrollar 24 proyectos de inversi\u00f3n enfocados en fortalecer a las instituciones de seguridad y procuraci\u00f3n de justicia del estado, as\u00ed como en su profesionalizaci\u00f3n.<\/p>\n\n\n\n<p>El gobernador Salom\u00f3n Jara afirm\u00f3 que Oaxaca respalda y se suma a la Estrategia Nacional de Seguridad P\u00fablica, a trav\u00e9s de un trabajo coordinado con la SSPC.&nbsp;<\/p>\n\n\n\n<p>Al finalizar la reuni\u00f3n, el secretario de Seguridad y el Gobernador de Oaxaca acordaron continuar con las acciones implementadas de la Estrategia Nacional de Seguridad en la entidad, a fin de fortalecer la seguridad en sus ocho regiones y mantener la coordinaci\u00f3n permanente con autoridades locales.<\/p>\n\n\n\n<figure class=\"wp-block-embed is-type-rich is-provider-twitter wp-block-embed-twitter\"><div class=\"wp-block-embed__wrapper\">\n<div class=\"twitter-tweet\"><blockquote class=\"twitter-tweet\" data-lang=\"es\"><p lang=\"es\" dir=\"ltr\">En la Ciudad de M\u00e9xico, el secretario de Seguridad federal, <a href=\"https:\/\/twitter.com\/OHarfuch?ref_src=twsrc%5Etfw\">@OHarfuch<\/a>, se reuni\u00f3 con el gobernador de Oaxaca, <a href=\"https:\/\/twitter.com\/salomonj?ref_src=twsrc%5Etfw\">@salomonj<\/a>, con la finalidad de evaluar y dar seguimiento a las acciones de combate a la delincuencia. <br><br>Participaron tambi\u00e9n el fiscal General del Estado, <a href=\"https:\/\/twitter.com\/FiscalOaxaca?ref_src=twsrc%5Etfw\">@FiscalOaxaca<\/a>,\u2026 <a href=\"https:\/\/t.co\/FYQGvNjcZf\">pic.twitter.com\/FYQGvNjcZf<\/a><\/p>&mdash; Zona Roja Oaxaca (@ZonaRoja_Oaxaca) <a href=\"https:\/\/twitter.com\/ZonaRoja_Oaxaca\/status\/2049255968064823662?ref_src=twsrc%5Etfw\">28 de abril de 2026<\/a><\/blockquote><\/div>\n<\/div><\/figure>\n","protected":false},"excerpt":{"rendered":"<p>Redacci\u00f3n\/Zona Roja. Oaxaca, Oax., a 29 de abril de 2026.- de abril de 2026.- El&hellip;<\/p>\n","protected":false},"author":2,"featured_media":92772,"comment_status":"closed","ping_status":"open","sticky":false,"template":"","format":"standard","meta":{"_lmt_disableupdate":"","_lmt_disable":"","_jetpack_memberships_contains_paid_content":false,"footnotes":""},"categories":[1],"tags":[],"class_list":["post-92771","post","type-post","status-publish","format-standard","has-post-thumbnail","hentry","category-sin-categoria"],"jetpack_featured_media_url":"https:\/\/zonaroja.com.mx\/wp-content\/uploads\/2026\/04\/Salomon-Jara-y-Harfuch.jpeg","jetpack_sharing_enabled":true,"_links":{"self":[{"href":"https:\/\/zonaroja.com.mx\/index.php?rest_route=\/wp\/v2\/posts\/92771","targetHints":{"allow":["GET"]}}],"collection":[{"href":"https:\/\/zonaroja.com.mx\/index.php?rest_route=\/wp\/v2\/posts"}],"about":[{"href":"https:\/\/zonaroja.com.mx\/index.php?rest_route=\/wp\/v2\/types\/post"}],"author":[{"embeddable":true,"href":"https:\/\/zonaroja.com.mx\/index.php?rest_route=\/wp\/v2\/users\/2"}],"replies":[{"embeddable":true,"href":"https:\/\/zonaroja.com.mx\/index.php?rest_route=%2Fwp%2Fv2%2Fcomments&post=92771"}],"version-history":[{"count":1,"href":"https:\/\/zonaroja.com.mx\/index.php?rest_route=\/wp\/v2\/posts\/92771\/revisions"}],"predecessor-version":[{"id":92773,"href":"https:\/\/zonaroja.com.mx\/index.php?rest_route=\/wp\/v2\/posts\/92771\/revisions\/92773"}],"wp:featuredmedia":[{"embeddable":true,"href":"https:\/\/zonaroja.com.mx\/index.php?rest_route=\/wp\/v2\/media\/92772"}],"wp:attachment":[{"href":"https:\/\/zonaroja.com.mx\/index.php?rest_route=%2Fwp%2Fv2%2Fmedia&parent=92771"}],"wp:term":[{"taxonomy":"category","embeddable":true,"href":"https:\/\/zonaroja.com.mx\/index.php?rest_route=%2Fwp%2Fv2%2Fcategories&post=92771"},{"taxonomy":"post_tag","embeddable":true,"href":"https:\/\/zonaroja.com.mx\/index.php?rest_route=%2Fwp%2Fv2%2Ftags&post=92771"}],"curies":[{"name":"wp","href":"https:\/\/api.w.org\/{rel}","templated":true}]}}