{"id":9278,"date":"2020-02-28T09:01:39","date_gmt":"2020-02-28T15:01:39","guid":{"rendered":"http:\/\/www.zonaroja.com.mx\/?p=9278"},"modified":"2020-02-28T17:34:37","modified_gmt":"2020-02-28T23:34:37","slug":"pese-a-promesa-gubernamental-supercarretera-a-la-costa-esta-parada","status":"publish","type":"post","link":"https:\/\/zonaroja.com.mx\/?p=9278","title":{"rendered":"Pese a promesa gubernamental, supercarretera a la Costa est\u00e1 parada"},"content":{"rendered":"\n<p>Evlin Arag\u00f3n\/<\/p>\n\n\n\n<p>Oaxaca de Ju\u00e1rez, Oax., 28 de febrero de 2020.- La falta de pago a 20 posesionarios por parte de las autoridades, mantiene parados los trabajos de la supercarretera que va de Oaxaca a la Costa, pese a las promesas de la autoridad estatal y federal de concluirlas durante este sexenio encabezado por Alejandro Murat Hinojosa.<\/p>\n\n\n\n<p>As\u00ed lo dio a conocer Dominguito Antonio\nAntonio, edil de San Vicente Coatl\u00e1n, quien detall\u00f3 que la falta de pago impide\nel avance en la obra.<\/p>\n\n\n\n<p>Sin embargo, aclar\u00f3 que est\u00e1n en\npl\u00e1ticas con personal directo del gobernador para reiniciar los trabajos que se\nhan visto interrumpidos, ello pese a los anuncios del gobierno federal, encabezado\npor Andr\u00e9s Manuel L\u00f3pez Obrador.<\/p>\n\n\n\n<p>\u201cAhorita est\u00e1 parado un poquito por\nfalta de pago, los vecinos y concesionarios no han recibido su pago ese es el\nmotivo, pero ahorita ya estamos negociando con el secretario particular del\ngobernador, ya en estos d\u00edas yo creo que se va a hacer el pago los m\u00e1s pronto,\nla carretera va a seguir\u201d.<\/p>\n\n\n\n<p>Explic\u00f3 que el proyecto de la supercarretera\nva a seguir y solo se trata de un paro moment\u00e1neo que se resolver\u00e1 con el pago\nprometido; no obstante, mientras no existe la erogaci\u00f3n de dicho recurso\nhabitantes de la zona de los Coatlanes no permitir\u00e1n el reinicio de la obra.<\/p>\n\n\n\n<p>\u201cLa problem\u00e1tica no es grave s\u00f3lo falta\nabrir unos caminos cosecheros en el kil\u00f3metro 12 y 120, en cuanto hagan el pago\na los concesionarios se resuelve todo, el problema no es la autopista sino los\npagos\u201d, reiter\u00f3.<\/p>\n\n\n\n<p>En entrevista en la capital, el edil\ntambi\u00e9n se deslind\u00f3 de los hechos violentos suscitados en la zona, donde en\nnoviembre pasado asesinaran a cinco elementos de la Polic\u00eda Estatal, tras una\nemboscada registrada y en donde el fiscal General de Oaxaca mencion\u00f3 a San\nVicente Coatl\u00e1n como presuntos responsables del ataque.<\/p>\n\n\n\n<p>Antonio Antonio detall\u00f3 que en materia\nde seguridad es necesaria la intervenci\u00f3n imparcial de las autoridades, toda\nvez que asegur\u00f3 en la actualidad los elementos de la Polic\u00eda Estatal y Guardia\nNacional respaldan a la comunidad de Rancho Viejo, Sola de Vega, con quien\nmantienen un conflicto desde hace a\u00f1os.<\/p>\n\n\n\n<p>Es debido a este conflicto que en la\nzona se han registrado asesinatos de ambos bandos, sin embargo San Vicente\nCoatl\u00e1n solicit\u00f3 la intervenci\u00f3n del Gobierno Federal para terminar con la\nproblem\u00e1tica a la que se enfrentan sus habitantes que aseguran sin atacados de\nforma continua por sus vecinos de Sola Vega.<\/p>\n\n\n\n<p>\u201cEstamos aqu\u00ed para pedir la\nintervenci\u00f3n de las autoridades federales, para terminar de una vez con el\nconflicto agrario que se vive en la zona y que lamentablemente ha dejado\nmuertos en nuestro territorio, una persona de la tercera edad la v\u00edctima m\u00e1s\nreciente\u201d.<\/p>\n","protected":false},"excerpt":{"rendered":"<p>Evlin Arag\u00f3n\/ Oaxaca de Ju\u00e1rez, Oax., 28 de febrero de 2020.- La falta de pago&hellip;<\/p>\n","protected":false},"author":2,"featured_media":9279,"comment_status":"closed","ping_status":"open","sticky":false,"template":"","format":"standard","meta":{"_lmt_disableupdate":"","_lmt_disable":"","_jetpack_memberships_contains_paid_content":false,"footnotes":""},"categories":[109,47],"tags":[1442],"class_list":["post-9278","post","type-post","status-publish","format-standard","has-post-thumbnail","hentry","category-minuto-a-minuto","category-zona-gris","tag-supercarretera-oaxaca-costa-coatlan"],"jetpack_featured_media_url":"https:\/\/zonaroja.com.mx\/wp-content\/uploads\/2020\/02\/Edil-San-Vicente-Coatl\u00e1n.png","jetpack_sharing_enabled":true,"_links":{"self":[{"href":"https:\/\/zonaroja.com.mx\/index.php?rest_route=\/wp\/v2\/posts\/9278","targetHints":{"allow":["GET"]}}],"collection":[{"href":"https:\/\/zonaroja.com.mx\/index.php?rest_route=\/wp\/v2\/posts"}],"about":[{"href":"https:\/\/zonaroja.com.mx\/index.php?rest_route=\/wp\/v2\/types\/post"}],"author":[{"embeddable":true,"href":"https:\/\/zonaroja.com.mx\/index.php?rest_route=\/wp\/v2\/users\/2"}],"replies":[{"embeddable":true,"href":"https:\/\/zonaroja.com.mx\/index.php?rest_route=%2Fwp%2Fv2%2Fcomments&post=9278"}],"version-history":[{"count":2,"href":"https:\/\/zonaroja.com.mx\/index.php?rest_route=\/wp\/v2\/posts\/9278\/revisions"}],"predecessor-version":[{"id":9299,"href":"https:\/\/zonaroja.com.mx\/index.php?rest_route=\/wp\/v2\/posts\/9278\/revisions\/9299"}],"wp:featuredmedia":[{"embeddable":true,"href":"https:\/\/zonaroja.com.mx\/index.php?rest_route=\/wp\/v2\/media\/9279"}],"wp:attachment":[{"href":"https:\/\/zonaroja.com.mx\/index.php?rest_route=%2Fwp%2Fv2%2Fmedia&parent=9278"}],"wp:term":[{"taxonomy":"category","embeddable":true,"href":"https:\/\/zonaroja.com.mx\/index.php?rest_route=%2Fwp%2Fv2%2Fcategories&post=9278"},{"taxonomy":"post_tag","embeddable":true,"href":"https:\/\/zonaroja.com.mx\/index.php?rest_route=%2Fwp%2Fv2%2Ftags&post=9278"}],"curies":[{"name":"wp","href":"https:\/\/api.w.org\/{rel}","templated":true}]}}