{"id":92785,"date":"2026-04-29T07:46:42","date_gmt":"2026-04-29T13:46:42","guid":{"rendered":"https:\/\/zonaroja.com.mx\/?p=92785"},"modified":"2026-04-29T07:46:45","modified_gmt":"2026-04-29T13:46:45","slug":"impulsara-senador-oaxaqueno-modelo-de-atencion-al-autismo","status":"publish","type":"post","link":"https:\/\/zonaroja.com.mx\/?p=92785","title":{"rendered":"Impulsar\u00e1 senador oaxaque\u00f1o modelo de atenci\u00f3n al autismo\u00a0"},"content":{"rendered":"\n<p>Redacci\u00f3n\/Zona Roja Cdmx.<\/p>\n\n\n\n<p>Ciudad de M\u00e9xico, a 29 de abril de 2026.- El senador Antonino Morales Toledo inform\u00f3 que presentar\u00e1 ante el Senado de la Rep\u00fablica un exhorto, para que los gobiernos de las 30 entidades federativas y la Ciudad de M\u00e9xico conozcan y adopten el modelo integral de atenci\u00f3n a las personas que padecen Trastorno del Espectro Autista (TEA) que ha implementado el DIF Oaxaca.<\/p>\n\n\n\n<p>\u00abLo que aqu\u00ed se ha construido merece replicarse en cada rinc\u00f3n del pa\u00eds. No es una ocurrencia, es convicci\u00f3n; no es un privilegio, es un derecho\u00bb, declar\u00f3 el legislador.<\/p>\n\n\n\n<p>Los avances que respaldan esta propuesta son contundentes. Con una inversi\u00f3n superior a mil 310 millones de pesos, el DIF Oaxaca y el Sistema Nacional DIF formalizaron un convenio con 539 municipios para fortalecer los programas de atenci\u00f3n alimentaria y desarrollo comunitario. Esta acci\u00f3n garantiza el bienestar de ni\u00f1as, ni\u00f1os, personas con discapacidad, personas mayores y familias en situaci\u00f3n prioritaria.<\/p>\n\n\n\n<p>En materia de atenci\u00f3n al TEA, se ampli\u00f3 el Centro \u201cNyela To Bidao\u201d con recursos superiores a 13.9 millones de pesos. La obra incluy\u00f3 nueve aulas nuevas y una c\u00e1mara sensorial, lo que permiti\u00f3 duplicar la capacidad de atenci\u00f3n: de 419 a m\u00e1s de 800 ni\u00f1as y ni\u00f1os.&nbsp;<\/p>\n\n\n\n<p>Este espacio opera como una comunidad de acompa\u00f1amiento, basada en la comprensi\u00f3n, la cercan\u00eda y el respeto. Adicionalmente, se anunci\u00f3 la creaci\u00f3n de 11 nuevos centros en distintas regiones del estado para acercar estos servicios especializados a m\u00e1s familias.<\/p>\n\n\n\n<p>El senador Morales Toledo reconoci\u00f3 el liderazgo, el compromiso y la entrega de la se\u00f1ora Irma Bola\u00f1os Quijano, presidenta honoraria del DIF Oaxaca, cuyo trabajo ha convertido a la instituci\u00f3n en el coraz\u00f3n del gobierno de la Primavera Oaxaque\u00f1a.<\/p>\n\n\n\n<p>El exhorto que se impulsar\u00e1 desde el Senado busca que este modelo de atenci\u00f3n se convierta en una referencia nacional, \u201cel bienestar compartido, la justicia social y la Cuarta Transformaci\u00f3n se consolidan cuando las pol\u00edticas p\u00fablicas nacen del territorio y se ponen al servicio de quienes m\u00e1s lo necesitan\u201d, concluy\u00f3.<\/p>\n","protected":false},"excerpt":{"rendered":"<p>Redacci\u00f3n\/Zona Roja Cdmx. Ciudad de M\u00e9xico, a 29 de abril de 2026.- El senador Antonino&hellip;<\/p>\n","protected":false},"author":2,"featured_media":84825,"comment_status":"closed","ping_status":"open","sticky":false,"template":"","format":"standard","meta":{"_lmt_disableupdate":"","_lmt_disable":"","_jetpack_memberships_contains_paid_content":false,"footnotes":""},"categories":[109,46],"tags":[180],"class_list":["post-92785","post","type-post","status-publish","format-standard","has-post-thumbnail","hentry","category-minuto-a-minuto","category-zona-blanca","tag-antonino-morales-toledo"],"jetpack_featured_media_url":"https:\/\/zonaroja.com.mx\/wp-content\/uploads\/2025\/09\/Senador-Antonino-Morales.jpg","jetpack_sharing_enabled":true,"_links":{"self":[{"href":"https:\/\/zonaroja.com.mx\/index.php?rest_route=\/wp\/v2\/posts\/92785","targetHints":{"allow":["GET"]}}],"collection":[{"href":"https:\/\/zonaroja.com.mx\/index.php?rest_route=\/wp\/v2\/posts"}],"about":[{"href":"https:\/\/zonaroja.com.mx\/index.php?rest_route=\/wp\/v2\/types\/post"}],"author":[{"embeddable":true,"href":"https:\/\/zonaroja.com.mx\/index.php?rest_route=\/wp\/v2\/users\/2"}],"replies":[{"embeddable":true,"href":"https:\/\/zonaroja.com.mx\/index.php?rest_route=%2Fwp%2Fv2%2Fcomments&post=92785"}],"version-history":[{"count":1,"href":"https:\/\/zonaroja.com.mx\/index.php?rest_route=\/wp\/v2\/posts\/92785\/revisions"}],"predecessor-version":[{"id":92786,"href":"https:\/\/zonaroja.com.mx\/index.php?rest_route=\/wp\/v2\/posts\/92785\/revisions\/92786"}],"wp:featuredmedia":[{"embeddable":true,"href":"https:\/\/zonaroja.com.mx\/index.php?rest_route=\/wp\/v2\/media\/84825"}],"wp:attachment":[{"href":"https:\/\/zonaroja.com.mx\/index.php?rest_route=%2Fwp%2Fv2%2Fmedia&parent=92785"}],"wp:term":[{"taxonomy":"category","embeddable":true,"href":"https:\/\/zonaroja.com.mx\/index.php?rest_route=%2Fwp%2Fv2%2Fcategories&post=92785"},{"taxonomy":"post_tag","embeddable":true,"href":"https:\/\/zonaroja.com.mx\/index.php?rest_route=%2Fwp%2Fv2%2Ftags&post=92785"}],"curies":[{"name":"wp","href":"https:\/\/api.w.org\/{rel}","templated":true}]}}