{"id":92787,"date":"2026-04-29T12:15:00","date_gmt":"2026-04-29T18:15:00","guid":{"rendered":"https:\/\/zonaroja.com.mx\/?p=92787"},"modified":"2026-04-29T07:56:35","modified_gmt":"2026-04-29T13:56:35","slug":"arrancan-promocion-de-oaxaca-en-el-tianguis-turistico-2026","status":"publish","type":"post","link":"https:\/\/zonaroja.com.mx\/?p=92787","title":{"rendered":"Arrancan promoci\u00f3n de Oaxaca en el Tianguis Tur\u00edstico 2026"},"content":{"rendered":"\n<p>Redacci\u00f3n\/Zona Roja.<\/p>\n\n\n\n<p>Oaxaca, Oax., a 29 de abril de 2026.- Con la presencia de prestadores de servicios y autoridades de los tres principales destinos tur\u00edsticos, Oaxaca inici\u00f3 su participaci\u00f3n en la edici\u00f3n n\u00famero 50 del Tianguis Tur\u00edstico de M\u00e9xico 2026, en Acapulco, Guerrero.<\/p>\n\n\n\n<p>El \u00e1rea correspondiente a la entidad fue inaugurada ayer por la secretaria de Turismo de Oaxaca, Saymi Pineda Velasco, con la presencia de ediles de Oaxaca de Ju\u00e1rez, Santa Mar\u00eda Huatulco y Puerto Escondido.<\/p>\n\n\n\n<p>Adem\u00e1s, se realiza el lanzamiento de Pueblos Mancomunados de Oaxaca, como uno de los destinos de turismo comunitario del pa\u00eds.<\/p>\n\n\n\n<p>El encuentro se realiza del 27 al 30 de abril y participan prestadoras y prestadores de servicios tur\u00edsticos, autoridades municipales, sectores artesanales y gastron\u00f3micos, as\u00ed como m\u00e1s de mil compradores de los cinco continentes<\/p>\n\n\n\n<p>En Acapulco se promocionan experiencias tur\u00edsticas comunitarias de Oaxaca, pueblos m\u00e1gicos y rutas tur\u00edsticas, muestras vivenciales de gastronom\u00eda, arte popular y mezcal, entre otros.<\/p>\n\n\n\n<p>El presidente municipal de Oaxaca de Ju\u00e1rez, Raymundo Chagoya Villanueva, invit\u00f3 a turistas nacionales y extranjeros a visitar la capital, que tiene m\u00faltiples atractivos prehisp\u00e1nicos, arqueol\u00f3gicos y culturales, adem\u00e1s de una gastronom\u00eda inigualable.<\/p>\n\n\n\n<p>En ese marco, la secretaria de Turismo sign\u00f3 un convenio marco de coordinaci\u00f3n y colaboraci\u00f3n con la Secretar\u00eda de Desarrollo Tur\u00edstico (Sedetur) de Puebla, para fortalecer la promoci\u00f3n de este sector econ\u00f3mico en ambas entidades.&nbsp;<\/p>\n\n\n\n<p>La alianza se crea en el contexto de la nueva ruta a\u00e9rea que conectar\u00e1 a partir de junio a Bah\u00edas de Huatulco, Oaxaca con Puebla, a trav\u00e9s de la aerol\u00ednea Volaris.<\/p>\n\n\n\n<p>De esta manera, se definir\u00e1n estrategias conjuntas y se aprovechar\u00e1 la experiencia de ambas dependencias, a fin de que la promoci\u00f3n tur\u00edstica sea m\u00e1s eficiente y competitiva.<\/p>\n","protected":false},"excerpt":{"rendered":"<p>Redacci\u00f3n\/Zona Roja. Oaxaca, Oax., a 29 de abril de 2026.- Con la presencia de prestadores&hellip;<\/p>\n","protected":false},"author":2,"featured_media":92788,"comment_status":"closed","ping_status":"open","sticky":false,"template":"","format":"standard","meta":{"_lmt_disableupdate":"","_lmt_disable":"","_jetpack_memberships_contains_paid_content":false,"footnotes":""},"categories":[109,46],"tags":[2714,1031,4787],"class_list":["post-92787","post","type-post","status-publish","format-standard","has-post-thumbnail","hentry","category-minuto-a-minuto","category-zona-blanca","tag-saymi-pineda-velasco","tag-secretaria-de-turismo-oaxaca","tag-tianguis-turistico-acapulco"],"jetpack_featured_media_url":"https:\/\/zonaroja.com.mx\/wp-content\/uploads\/2026\/04\/image1.jpeg","jetpack_sharing_enabled":true,"_links":{"self":[{"href":"https:\/\/zonaroja.com.mx\/index.php?rest_route=\/wp\/v2\/posts\/92787","targetHints":{"allow":["GET"]}}],"collection":[{"href":"https:\/\/zonaroja.com.mx\/index.php?rest_route=\/wp\/v2\/posts"}],"about":[{"href":"https:\/\/zonaroja.com.mx\/index.php?rest_route=\/wp\/v2\/types\/post"}],"author":[{"embeddable":true,"href":"https:\/\/zonaroja.com.mx\/index.php?rest_route=\/wp\/v2\/users\/2"}],"replies":[{"embeddable":true,"href":"https:\/\/zonaroja.com.mx\/index.php?rest_route=%2Fwp%2Fv2%2Fcomments&post=92787"}],"version-history":[{"count":1,"href":"https:\/\/zonaroja.com.mx\/index.php?rest_route=\/wp\/v2\/posts\/92787\/revisions"}],"predecessor-version":[{"id":92789,"href":"https:\/\/zonaroja.com.mx\/index.php?rest_route=\/wp\/v2\/posts\/92787\/revisions\/92789"}],"wp:featuredmedia":[{"embeddable":true,"href":"https:\/\/zonaroja.com.mx\/index.php?rest_route=\/wp\/v2\/media\/92788"}],"wp:attachment":[{"href":"https:\/\/zonaroja.com.mx\/index.php?rest_route=%2Fwp%2Fv2%2Fmedia&parent=92787"}],"wp:term":[{"taxonomy":"category","embeddable":true,"href":"https:\/\/zonaroja.com.mx\/index.php?rest_route=%2Fwp%2Fv2%2Fcategories&post=92787"},{"taxonomy":"post_tag","embeddable":true,"href":"https:\/\/zonaroja.com.mx\/index.php?rest_route=%2Fwp%2Fv2%2Ftags&post=92787"}],"curies":[{"name":"wp","href":"https:\/\/api.w.org\/{rel}","templated":true}]}}